{"id":46992,"date":"2025-10-17T13:48:39","date_gmt":"2025-10-17T13:48:39","guid":{"rendered":"https:\/\/zennihost.com\/test\/2025\/10\/17\/presidenti-duka-zhvillon-vizite-zyrtare-ne-federaten-kineze-te-futbollit-hapa-te-rinj-bashkepunimi\/"},"modified":"2025-10-17T13:48:39","modified_gmt":"2025-10-17T13:48:39","slug":"presidenti-duka-zhvillon-vizite-zyrtare-ne-federaten-kineze-te-futbollit-hapa-te-rinj-bashkepunimi","status":"publish","type":"post","link":"https:\/\/zennihost.com\/test\/2025\/10\/17\/presidenti-duka-zhvillon-vizite-zyrtare-ne-federaten-kineze-te-futbollit-hapa-te-rinj-bashkepunimi\/","title":{"rendered":"Presidenti Duka zhvillon vizit\u00eb zyrtare n\u00eb Federat\u00ebn Kineze t\u00eb Futbollit: Hapa t\u00eb rinj bashk\u00ebpunimi"},"content":{"rendered":"<p>Presidenti i Federat\u00ebs Shqiptare t\u00eb Futbollit, Armand Duka, po zhvillon nj\u00eb vizit\u00eb zyrtare n\u00eb Kin\u00eb, n\u00eb ambientet e Federat\u00ebs Kineze t\u00eb Futbollit.<\/p>\n<p>Gjat\u00eb k\u00ebsaj vizite, kreu i qeveris\u00eb s\u00eb futbollit shqiptar i shoq\u00ebruar edhe nga Ambasadori i Republik\u00ebs s\u00eb Shqip\u00ebris\u00eb n\u00eb Kin\u00eb, z. Riza Poda, u prit n\u00eb nj\u00eb takim zyrtar nga Presidenti i Federat\u00ebs Kineze t\u00eb Futbollit, z. Xu Jiren, dhe stafi i tij.<\/p>\n<p>Q\u00ebllimi i takimit ishte forcimi i marr\u00ebdh\u00ebnieve dhe shk\u00ebmbimi i eksperiencave midis dy federatave.<\/p>\n<p>N\u00ebp\u00ebrmjet nj\u00eb postimi n\u00eb rrjetet sociale, Presidenti Duka e ka cil\u00ebsuar takimin si shum\u00eb pozitiv dhe t\u00eb vlefsh\u00ebm, duke theksuar se u hodh\u00ebn bazat p\u00ebr krijimin e hapave t\u00eb rinj bashk\u00ebpunimi n\u00eb t\u00eb ardhmen me Federat\u00ebn Kineze t\u00eb Futbollit.<\/p>\n\n<p>The post <a href=\"https:\/\/gijotina.com\/presidenti-duka-zhvillon-vizite-zyrtare-ne-federaten-kineze-te-futbollit-hapa-te-rinj-bashkepunimi\/\">Presidenti Duka zhvillon vizit\u00eb zyrtare n\u00eb Federat\u00ebn Kineze t\u00eb Futbollit: Hapa t\u00eb rinj bashk\u00ebpunimi<\/a> appeared first on <a href=\"https:\/\/gijotina.com\/\">GIJOTINA<\/a>.<\/p>","protected":false},"excerpt":{"rendered":"<p>Presidenti i Federat\u00ebs Shqiptare t\u00eb Futbollit, Armand Duka, po zhvillon nj\u00eb vizit\u00eb zyrtare n\u00eb Kin\u00eb, n\u00eb ambientet e Federat\u00ebs Kineze t\u00eb Futbollit. Gjat\u00eb k\u00ebsaj vizite, kreu i qeveris\u00eb s\u00eb futbollit shqiptar i shoq\u00ebruar edhe nga Ambasadori i Republik\u00ebs s\u00eb Shqip\u00ebris\u00eb n\u00eb Kin\u00eb, z. Riza Poda, u prit n\u00eb nj\u00eb takim zyrtar nga Presidenti i Federat\u00ebs [&hellip;]<\/p>\n","protected":false},"author":0,"featured_media":0,"comment_status":"open","ping_status":"open","sticky":false,"template":"","format":"standard","meta":{"footnotes":""},"categories":[1],"tags":[],"class_list":["post-46992","post","type-post","status-publish","format-standard","hentry","category-uncategorized"],"_links":{"self":[{"href":"https:\/\/zennihost.com\/test\/wp-json\/wp\/v2\/posts\/46992","targetHints":{"allow":["GET"]}}],"collection":[{"href":"https:\/\/zennihost.com\/test\/wp-json\/wp\/v2\/posts"}],"about":[{"href":"https:\/\/zennihost.com\/test\/wp-json\/wp\/v2\/types\/post"}],"replies":[{"embeddable":true,"href":"https:\/\/zennihost.com\/test\/wp-json\/wp\/v2\/comments?post=46992"}],"version-history":[{"count":0,"href":"https:\/\/zennihost.com\/test\/wp-json\/wp\/v2\/posts\/46992\/revisions"}],"wp:attachment":[{"href":"https:\/\/zennihost.com\/test\/wp-json\/wp\/v2\/media?parent=46992"}],"wp:term":[{"taxonomy":"category","embeddable":true,"href":"https:\/\/zennihost.com\/test\/wp-json\/wp\/v2\/categories?post=46992"},{"taxonomy":"post_tag","embeddable":true,"href":"https:\/\/zennihost.com\/test\/wp-json\/wp\/v2\/tags?post=46992"}],"curies":[{"name":"wp","href":"https:\/\/api.w.org\/{rel}","templated":true}]}}