{"id":46991,"date":"2025-10-17T13:48:39","date_gmt":"2025-10-17T13:48:39","guid":{"rendered":"https:\/\/zennihost.com\/test\/2025\/10\/17\/berisha-gjk-shkelmoi-ligjin-per-te-larguar-armiken-sonila-bejtja-puci-sokol-sadushi-dhe-bajram-limioni\/"},"modified":"2025-10-17T13:48:39","modified_gmt":"2025-10-17T13:48:39","slug":"berisha-gjk-shkelmoi-ligjin-per-te-larguar-armiken-sonila-bejtja-puci-sokol-sadushi-dhe-bajram-limioni","status":"publish","type":"post","link":"https:\/\/zennihost.com\/test\/2025\/10\/17\/berisha-gjk-shkelmoi-ligjin-per-te-larguar-armiken-sonila-bejtja-puci-sokol-sadushi-dhe-bajram-limioni\/","title":{"rendered":"Berisha: GJK shkelmoi ligjin p\u00ebr t\u00eb larguar armiken Sonila Bejtja. Pu\u00e7i Sokol Sadushi dhe Bajram Limioni"},"content":{"rendered":"<p>Kryetari i Partis\u00eb Demokratike, Sali Berisha, gjat\u00eb konferenc\u00ebs p\u00ebr mediat k\u00ebt\u00eb t\u00eb premte, u ndal tek vendimi i Gjykat\u00ebs Kushtetuese p\u00ebr shkarkimin e gjyqtares Sonila Bejtja, duke e cil\u00ebsuar at\u00eb si \u2018shkelmimin m\u00eb flagrant t\u00eb ligjit organik t\u00eb vet\u00eb Gjykat\u00ebs\u2019 dhe \u2018aktin m\u00eb skandaloz n\u00eb historin\u00eb e jurisprudenc\u00ebs shqiptare\u2019. Berisha tha se me k\u00ebt\u00eb vendim \u00ebsht\u00eb arritur \u2018shkalla m\u00eb ekstreme e keqp\u00ebrdorimit t\u00eb Kushtetut\u00ebs dhe institucioneve t\u00eb pavarura\u2019, duke akuzuar an\u00ebtar\u00ebt e Gjykat\u00ebs Kushtetuese se jan\u00eb v\u00ebn\u00eb n\u00eb sh\u00ebrbim t\u00eb interesave t\u00eb mazhoranc\u00ebs dhe \u2018monstr\u00ebs sorosiane t\u00eb drejt\u00ebsis\u00eb\u2019.<\/p>\n<p>Sipas liderit t\u00eb opozit\u00ebs, vendimi p\u00ebr largimin e gjyqtares Bejtja \u00ebsht\u00eb marr\u00eb n\u00eb kund\u00ebrshtim t\u00eb plot\u00eb me Kushtetut\u00ebn dhe me opinionet e Komisionit t\u00eb Venecias, duke e kthyer Gjykat\u00ebn n\u00eb \u2018noter t\u00eb veprimeve antikushtetuese t\u00eb eksponent\u00ebve t\u00eb mafies n\u00eb drejt\u00ebsi, si Sokol Sadushi dhe presidenti antikushtetues Bajram Begaj\u2019. Ai shtoi se ky \u00ebsht\u00eb nj\u00eb shembull i qart\u00eb i m\u00ebnyr\u00ebs se si \u2018reforma n\u00eb drejt\u00ebsi \u00ebsht\u00eb shnd\u00ebrruar n\u00eb nj\u00eb instrument politik n\u00eb duart e pushtetit\u2019.<\/p>\n<p>Kryedemokrati e cil\u00ebsoi vendimin si \u2018aktin m\u00eb flagrant t\u00eb mafies politike dhe juridike t\u00eb lidhur me qeverin\u00eb\u2019, duke akuzuar drejtp\u00ebrdrejt Sokol Sadushin dhe presidentin Bajram Begaj (t\u00eb cilin e quajti me ironi \u2018Bajram Limioni\u2019) si \u2018autor\u00ebt kryesor\u00eb t\u00eb k\u00ebtij pu\u00e7i kushtetues\u2019. Sipas tij, largimi i Bejtjes, e cila ishte em\u00ebruar n\u00eb vitin 2020, p\u00ebrb\u00ebn \u2018shkelje t\u00eb hapur t\u00eb Kushtetut\u00ebs dhe opinionit t\u00eb Komisionit t\u00eb Venecias, q\u00eb garanton mandat t\u00eb plot\u00eb 9-vje\u00e7ar p\u00ebr gjyqtar\u00ebt kushtetues\u2019.<\/p>\n<p><em>\u2018Sonila Bejtja ishte nj\u00eb z\u00eb i pavarur, nj\u00eb gjyqtare q\u00eb p\u00ebrfaq\u00ebsonte integritetin dhe parimin e ligjshm\u00ebris\u00eb. Por p\u00ebr regjimin e Edi Ram\u00ebs, mendimi i pavarur \u00ebsht\u00eb krim,\u2019<\/em> tha Berisha, duke shtuar se kjo ishte<em> \u2018zero toleranc\u00eb ndaj pakic\u00ebs dhe mendimit ndryshe\u2019.<\/em><\/p>\n<p>Gjat\u00eb konferenc\u00ebs p\u00ebr mediat, Berisha d\u00ebnoi me forc\u00ebn m\u00eb t\u00eb madhe vendimin e Gjykat\u00ebs Kushtetuese p\u00ebr nd\u00ebrprerjen e mandatit t\u00eb gjyqtares Sonila Bejtja, duke e cil\u00ebsuar at\u00eb si \u2018akt t\u00eb paprecedent\u00eb dhe prov\u00ebn m\u00eb t\u00eb qart\u00eb t\u00eb kapjes s\u00eb institucioneve t\u00eb drejt\u00ebsis\u00eb nga pushteti politik\u2019. Kreu i PD-s\u00eb u shpreh se vendimi p\u00ebrb\u00ebn \u2018dhunimin m\u00eb brutal t\u00eb Kushtetut\u00ebs, ligjeve t\u00eb vendit dhe opinionit t\u00eb Komisionit t\u00eb Venecias\u2019, duke e quajtur Gjykat\u00ebn Kushtetuese \u2018produktin m\u00eb monstruoz t\u00eb reform\u00ebs sorosiane n\u00eb drejt\u00ebsi\u2019.<\/p>\n<p>Sipas tij, ky vendim sh\u00ebnon \u2018r\u00ebnien e plot\u00eb t\u00eb institucioneve kushtetuese dhe fundin e shtetit t\u00eb s\u00eb drejt\u00ebs\u2019, pasi \u2018Gjykata ka shkelmuar ligjin e saj organik dhe ka vendosur n\u00eb kund\u00ebrshtim me \u00e7do norm\u00eb kushtetuese e ligjore\u2019. Berisha ka l\u00ebshuar akuza ndaj Presidentit t\u00eb Republik\u00ebs, Bajram Begaj, p\u00ebr \u2018shkelje flagrante t\u00eb Kushtetut\u00ebs dhe ushtrim t\u00eb veprimtarive private gjat\u00eb ushtrimit t\u00eb detyr\u00ebs\u2019.<\/p>\n<p>N\u00eb deklarat\u00ebn e tij, kreu i PD-s\u00eb, e quajti vendimin p\u00ebr nd\u00ebrprerjen e mandatit t\u00eb gjyqtares Bejtja \u2018akt t\u00eb turpsh\u00ebm q\u00eb shkel \u00e7do norm\u00eb ligjore e kushtetuese\u2019, nd\u00ebrsa akuzoi Presidentin se \u2018ka kryer veprimtari t\u00eb ndaluar me ligj, duke firmosur n\u00eb bordero private gjat\u00eb koh\u00ebs q\u00eb mban postin e kreut t\u00eb shtetit\u2019. Sipas Berish\u00ebs, \u2018zonja Bejtja ka treguar guxim dhe integritet duke mbrojtur t\u00eb v\u00ebrtet\u00ebn edhe kur ka mbetur n\u00eb pakic\u00eb\u2019, nd\u00ebrsa \u2018Edi Rama dhe Haram Limioni jan\u00eb p\u00ebrpjekur ta nd\u00ebshkojn\u00eb pik\u00ebrisht p\u00ebr k\u00ebt\u00eb q\u00ebndrim t\u00eb pavarur\u2019.<\/p>\n<p><em>\u2018Presidenti i Republik\u00ebs, sipas nenit 89 t\u00eb Kushtetut\u00ebs, nuk mund t\u00eb kryej\u00eb asnj\u00eb veprimtari tjet\u00ebr publike apo private. Por Bajram Begaj, n\u00eb kund\u00ebrshtim t\u00eb plot\u00eb me Kushtetut\u00ebn, firmos n\u00eb bordero private p\u00ebr interesa personale. Ose nuk e ka lexuar Kushtetut\u00ebn, ose e trajton at\u00eb si let\u00ebr t\u00eb vdekur,<\/em>\u2019 deklaroi Berisha.<\/p>\n<p>Duke folur p\u00ebr rr\u00ebzimin e rezolut\u00ebs q\u00eb d\u00ebnon gjenocidin serb ndaj shqiptar\u00ebve, lideri i opozit\u00ebs Sali Berisha theksoi se \u2018kryeministri Rama vepron po aq kund\u00ebr interesave t\u00eb Kosov\u00ebs sa Aleksand\u00ebr Vu\u00e7i\u00e7i\u2019. Ai kritikoi mosvotimin e rezolut\u00ebs p\u00ebr gjenocidin serb, duke e konsideruar si \u2018munges\u00eb ndjeshm\u00ebrie ndaj viktimave, p\u00ebrfshir\u00eb 1400 f\u00ebmij\u00eb shqiptar\u00eb t\u00eb vrar\u00eb\u2019. Berisha u b\u00ebri thirrje deputet\u00ebve \u2018t\u00eb vizitojn\u00eb muzeun e f\u00ebmij\u00ebve t\u00eb vrar\u00eb n\u00eb Prishtin\u00eb p\u00ebr t\u00eb kuptuar r\u00ebnd\u00ebsin\u00eb e sakrific\u00ebs s\u00eb tyre dhe p\u00ebr t\u00eb reflektuar mbi q\u00ebndrimet e ngurta t\u00eb disa p\u00ebrfaq\u00ebsuesve n\u00eb Parlament\u2019.<\/p>\n<p>Ai rikujtoi p\u00ebrdorimin e teoris\u00eb s\u00eb \u2018tok\u00ebs s\u00eb askujt\u2019 nga Rama dhe veprimet e tij t\u00eb fshehta p\u00ebr ndryshimin e kufijve t\u00eb Kosov\u00ebs, duke theksuar se \u2018politika e kryeministrit \u00ebsht\u00eb n\u00eb d\u00ebm t\u00eb integritetit territorial t\u00eb vendit\u2019. Berisha n\u00ebnvizoi rolin e thirrjeve \u2018Sali Berisha, Sali Berisha\u2019 gjat\u00eb ndeshjes s\u00eb ekipit komb\u00ebtar n\u00eb Leskovc, duke theksuar se \u2018ato u p\u00ebrdor\u00ebn p\u00ebr t\u00eb motivuar lojtar\u00ebt serb\u00eb, por n\u00eb fakt kontribuuan n\u00eb disfat\u00ebn e tyre historike\u2019.<\/p>\n<p>Kryetari i PD-s\u00eb Sali Berisha ironizoi deklaratat e ministrit Balla n\u00eb Parlament, duke e cil\u00ebsuar reagimin e serb\u00ebve si \u2018tregues t\u00eb dob\u00ebsis\u00eb dhe munges\u00ebs s\u00eb karakterit n\u00eb fush\u00eb\u2019. Berisha shtoi se kjo ngjarje \u2018tregon se kur lojtar\u00ebt nuk kan\u00eb mb\u00ebshtetje morale dhe kur komb\u00ebtarizmi p\u00ebrdoret politikisht, rezultatet jan\u00eb t\u00eb paparashikueshme\u2019. Sipas tij, \u2018fitorja e ekipit shqiptar ishte nj\u00eb mesazh simbolik p\u00ebr krenarin\u00eb komb\u00ebtare dhe p\u00ebr mund\u00ebsin\u00eb e p\u00ebrballjes me presionin e jasht\u00ebm\u2019.<\/p>\n<p>Kryetari i Partis\u00eb Demokratike, Sali Berisha theksoi gjat\u00eb fjal\u00ebs s\u00eb tij, r\u00ebnd\u00ebsin\u00eb e miratimit t\u00eb \u2018rezolut\u00ebs p\u00ebr gjenocidin ciklik t\u00eb serb\u00ebve ndaj shqiptar\u00ebve\u2019, duke v\u00ebn\u00eb n\u00eb dukje se \u2018refuzimi i votimit nga mazhoranca \u00ebsht\u00eb nj\u00eb penges\u00eb e q\u00ebllimshme, e ndikuar nga Aleksand\u00ebr Vu\u00e7i\u00e7i\u2019. Ai akuzoi kryeministrin Rama p\u00ebr \u2018mbrojtje t\u00eb gjenocidit ndaj shqiptar\u00ebve n\u00eb Kosov\u00eb\u2019 dhe i b\u00ebri thirrje deputet\u00ebve \u2018t\u00eb vizitojn\u00eb muzeun e barbarive mbi f\u00ebmij\u00ebt shqiptar\u00eb, p\u00ebr t\u00eb njohur t\u00eb kaluar\u00ebn dhe p\u00ebr t\u00eb respektuar viktimat e krimeve t\u00eb kryera n\u00eb rajon\u2019.<\/p>\n<p>The post <a href=\"https:\/\/gijotina.com\/berisha-gjk-shkelmoi-ligjin-per-te-larguar-armiken-sonila-bejtja-puci-sokol-sadushi-dhe-bajram-limioni\/\">Berisha: GJK shkelmoi ligjin p\u00ebr t\u00eb larguar armiken Sonila Bejtja. Pu\u00e7i Sokol Sadushi dhe Bajram Limioni<\/a> appeared first on <a href=\"https:\/\/gijotina.com\/\">GIJOTINA<\/a>.<\/p>","protected":false},"excerpt":{"rendered":"<p>Kryetari i Partis\u00eb Demokratike, Sali Berisha, gjat\u00eb konferenc\u00ebs p\u00ebr mediat k\u00ebt\u00eb t\u00eb premte, u ndal tek vendimi i Gjykat\u00ebs Kushtetuese p\u00ebr shkarkimin e gjyqtares Sonila Bejtja, duke e cil\u00ebsuar at\u00eb si \u2018shkelmimin m\u00eb flagrant t\u00eb ligjit organik t\u00eb vet\u00eb Gjykat\u00ebs\u2019 dhe \u2018aktin m\u00eb skandaloz n\u00eb historin\u00eb e jurisprudenc\u00ebs shqiptare\u2019. Berisha tha se me k\u00ebt\u00eb vendim [&hellip;]<\/p>\n","protected":false},"author":0,"featured_media":0,"comment_status":"open","ping_status":"open","sticky":false,"template":"","format":"standard","meta":{"footnotes":""},"categories":[1],"tags":[],"class_list":["post-46991","post","type-post","status-publish","format-standard","hentry","category-uncategorized"],"_links":{"self":[{"href":"https:\/\/zennihost.com\/test\/wp-json\/wp\/v2\/posts\/46991","targetHints":{"allow":["GET"]}}],"collection":[{"href":"https:\/\/zennihost.com\/test\/wp-json\/wp\/v2\/posts"}],"about":[{"href":"https:\/\/zennihost.com\/test\/wp-json\/wp\/v2\/types\/post"}],"replies":[{"embeddable":true,"href":"https:\/\/zennihost.com\/test\/wp-json\/wp\/v2\/comments?post=46991"}],"version-history":[{"count":0,"href":"https:\/\/zennihost.com\/test\/wp-json\/wp\/v2\/posts\/46991\/revisions"}],"wp:attachment":[{"href":"https:\/\/zennihost.com\/test\/wp-json\/wp\/v2\/media?parent=46991"}],"wp:term":[{"taxonomy":"category","embeddable":true,"href":"https:\/\/zennihost.com\/test\/wp-json\/wp\/v2\/categories?post=46991"},{"taxonomy":"post_tag","embeddable":true,"href":"https:\/\/zennihost.com\/test\/wp-json\/wp\/v2\/tags?post=46991"}],"curies":[{"name":"wp","href":"https:\/\/api.w.org\/{rel}","templated":true}]}}