{"id":46988,"date":"2025-10-17T13:48:38","date_gmt":"2025-10-17T13:48:38","guid":{"rendered":"https:\/\/zennihost.com\/test\/2025\/10\/17\/tubim-ne-sheshin-skenderbej-ne-mbeshtetje-te-uck-se-qindra-qytetare-mbushin-sheshin-para-nisjes-se-protestes\/"},"modified":"2025-10-17T13:48:38","modified_gmt":"2025-10-17T13:48:38","slug":"tubim-ne-sheshin-skenderbej-ne-mbeshtetje-te-uck-se-qindra-qytetare-mbushin-sheshin-para-nisjes-se-protestes","status":"publish","type":"post","link":"https:\/\/zennihost.com\/test\/2025\/10\/17\/tubim-ne-sheshin-skenderbej-ne-mbeshtetje-te-uck-se-qindra-qytetare-mbushin-sheshin-para-nisjes-se-protestes\/","title":{"rendered":"Tubim n\u00eb Sheshin \u201cSk\u00ebnderbej\u201d n\u00eb mb\u00ebshtetje t\u00eb U\u00c7K-s\u00eb \u2013 Qindra qytetar\u00eb mbushin sheshin para nisjes s\u00eb protest\u00ebs"},"content":{"rendered":"<p>M\u00eb pak se dy or\u00eb para nisjes zyrtare t\u00eb protest\u00ebs n\u00eb mb\u00ebshtetje t\u00eb Ushtris\u00eb \u00c7lirimtare t\u00eb Kosov\u00ebs (U\u00c7K), sheshi \u201cSk\u00ebnderbej\u201d n\u00eb Tiran\u00eb ka nisur t\u00eb mbushet me protestues nga trevat shqiptare.<\/p>\n<p>Qytetar\u00ebt, t\u00eb pajisur me flamuj t\u00eb U\u00c7K-s\u00eb dhe simbole komb\u00ebtare, jan\u00eb mbledhur n\u00eb qend\u00ebr t\u00eb kryeqytetit, ku nuk kan\u00eb munguar as fotografit\u00eb pran\u00eb monumentit t\u00eb heroit komb\u00ebtar, Gjergj Kastrioti Sk\u00ebnderbeu.<\/p>\n<p>Protesta pritet t\u00eb filloj\u00eb rreth or\u00ebs 17:00 dhe raportohet p\u00ebr nj\u00eb pjes\u00ebmarrje t\u00eb konsiderueshme, e cila po rritet me kalimin e minutave.<\/p>\n<p><strong>Thirrjet e protestuesve jan\u00eb t\u00eb drejtuara kund\u00ebr Gjykat\u00ebs Speciale n\u00eb Hag\u00eb<\/strong>, t\u00eb cil\u00ebn e konsiderojn\u00eb t\u00eb nj\u00ebanshme dhe t\u00eb padrejt\u00eb ndaj ish-krer\u00ebve t\u00eb U\u00c7K-s\u00eb.<\/p>\n<p>\u201cThirrja jon\u00eb p\u00ebr Gjykat\u00ebn Speciale \u00ebsht\u00eb: t\u2019i lirojn\u00eb bijt\u00eb e shqiptar\u00ebsis\u00eb, p\u00ebrndryshe ne e llogarisim Evrop\u00ebn armik t\u00eb shqiptar\u00ebve\u201d, \u2013 deklaruan disa pjes\u00ebmarr\u00ebs.<\/p>\n<p>\u201cTani \u00ebsht\u00eb e qart\u00eb se gjykata n\u00eb Hag\u00eb \u00ebsht\u00eb nj\u00eb gjykat\u00eb e krijuar p\u00ebr t\u00eb d\u00ebnuar U\u00c7K-n\u00eb. D\u00ebshira jon\u00eb \u00ebsht\u00eb t\u00eb lirohen luft\u00ebtar\u00ebt e liris\u00eb: Hashim Tha\u00e7i, Kadri Veseli, Jakup Krasniqi\u201d, \u2013 shtuan ata.<\/p>\n<p>Organizator\u00ebt kan\u00eb b\u00ebr\u00eb thirrje p\u00ebr nj\u00eb protest\u00eb paq\u00ebsore dhe t\u00eb dinjitetshme, nd\u00ebrsa forcat e rendit jan\u00eb t\u00eb pranishme p\u00ebr t\u00eb garantuar mbar\u00ebvajtjen e tubimit.<\/p>\n<div class=\"wp-video\"><!--[if lt IE 9]&gt;document.createElement('video');&lt;![endif]--><br \/>\n<a href=\"https:\/\/gijotina.com\/wp-content\/uploads\/2025\/10\/WhatsApp-Video-2025-10-17-at-3.15.19-PM-1.mp4\">https:\/\/gijotina.com\/wp-content\/uploads\/2025\/10\/WhatsApp-Video-2025-10-17-at-3.15.19-PM-1.mp4<\/a><\/div>\n<div class=\"wp-video\"><a href=\"https:\/\/gijotina.com\/wp-content\/uploads\/2025\/10\/WhatsApp-Video-2025-10-17-at-3.15.19-PM.mp4\">https:\/\/gijotina.com\/wp-content\/uploads\/2025\/10\/WhatsApp-Video-2025-10-17-at-3.15.19-PM.mp4<\/a><\/div>\n<p>The post <a href=\"https:\/\/gijotina.com\/tubim-ne-sheshin-skenderbej-ne-mbeshtetje-te-uck-se-qindra-qytetare-mbushin-sheshin-para-nisjes-se-protestes\/\">Tubim n\u00eb Sheshin \u201cSk\u00ebnderbej\u201d n\u00eb mb\u00ebshtetje t\u00eb U\u00c7K-s\u00eb \u2013 Qindra qytetar\u00eb mbushin sheshin para nisjes s\u00eb protest\u00ebs<\/a> appeared first on <a href=\"https:\/\/gijotina.com\/\">GIJOTINA<\/a>.<\/p>","protected":false},"excerpt":{"rendered":"<p>M\u00eb pak se dy or\u00eb para nisjes zyrtare t\u00eb protest\u00ebs n\u00eb mb\u00ebshtetje t\u00eb Ushtris\u00eb \u00c7lirimtare t\u00eb Kosov\u00ebs (U\u00c7K), sheshi \u201cSk\u00ebnderbej\u201d n\u00eb Tiran\u00eb ka nisur t\u00eb mbushet me protestues nga trevat shqiptare. Qytetar\u00ebt, t\u00eb pajisur me flamuj t\u00eb U\u00c7K-s\u00eb dhe simbole komb\u00ebtare, jan\u00eb mbledhur n\u00eb qend\u00ebr t\u00eb kryeqytetit, ku nuk kan\u00eb munguar as fotografit\u00eb pran\u00eb monumentit [&hellip;]<\/p>\n","protected":false},"author":0,"featured_media":0,"comment_status":"open","ping_status":"open","sticky":false,"template":"","format":"standard","meta":{"footnotes":""},"categories":[1],"tags":[],"class_list":["post-46988","post","type-post","status-publish","format-standard","hentry","category-uncategorized"],"_links":{"self":[{"href":"https:\/\/zennihost.com\/test\/wp-json\/wp\/v2\/posts\/46988","targetHints":{"allow":["GET"]}}],"collection":[{"href":"https:\/\/zennihost.com\/test\/wp-json\/wp\/v2\/posts"}],"about":[{"href":"https:\/\/zennihost.com\/test\/wp-json\/wp\/v2\/types\/post"}],"replies":[{"embeddable":true,"href":"https:\/\/zennihost.com\/test\/wp-json\/wp\/v2\/comments?post=46988"}],"version-history":[{"count":0,"href":"https:\/\/zennihost.com\/test\/wp-json\/wp\/v2\/posts\/46988\/revisions"}],"wp:attachment":[{"href":"https:\/\/zennihost.com\/test\/wp-json\/wp\/v2\/media?parent=46988"}],"wp:term":[{"taxonomy":"category","embeddable":true,"href":"https:\/\/zennihost.com\/test\/wp-json\/wp\/v2\/categories?post=46988"},{"taxonomy":"post_tag","embeddable":true,"href":"https:\/\/zennihost.com\/test\/wp-json\/wp\/v2\/tags?post=46988"}],"curies":[{"name":"wp","href":"https:\/\/api.w.org\/{rel}","templated":true}]}}