{"id":46986,"date":"2025-10-17T13:48:38","date_gmt":"2025-10-17T13:48:38","guid":{"rendered":"https:\/\/zennihost.com\/test\/2025\/10\/17\/ministri-lamallari-takon-ambasadorin-italian-marco-alberti-bashkepunim-per-shtetin-e-se-drejtes-dhe-integrimin-europian\/"},"modified":"2025-10-17T13:48:38","modified_gmt":"2025-10-17T13:48:38","slug":"ministri-lamallari-takon-ambasadorin-italian-marco-alberti-bashkepunim-per-shtetin-e-se-drejtes-dhe-integrimin-europian","status":"publish","type":"post","link":"https:\/\/zennihost.com\/test\/2025\/10\/17\/ministri-lamallari-takon-ambasadorin-italian-marco-alberti-bashkepunim-per-shtetin-e-se-drejtes-dhe-integrimin-europian\/","title":{"rendered":"Ministri Lamallari takon ambasadorin italian Marco Alberti: Bashk\u00ebpunim p\u00ebr shtetin e s\u00eb drejt\u00ebs dhe integrimin europian"},"content":{"rendered":"<p>Ministri i Drejt\u00ebsis\u00eb, Besfort Lamallari, zhvilloi sot nj\u00eb takim kortezie me ambasadorin e Italis\u00eb n\u00eb Tiran\u00eb, Marco Alberti. Lajmin e b\u00ebri t\u00eb ditur vet\u00eb ministri p\u00ebrmes nj\u00eb postimi n\u00eb rrjetet sociale, ku theksoi r\u00ebnd\u00ebsin\u00eb e marr\u00ebdh\u00ebnieve mes dy vendeve, ve\u00e7an\u00ebrisht n\u00eb fush\u00ebn e drejt\u00ebsis\u00eb dhe shtetit t\u00eb s\u00eb drejt\u00ebs.<\/p>\n<p>\u201cDiskutuam mbi bashk\u00ebpunimin e shk\u00eblqyer mes Shqip\u00ebris\u00eb dhe Italis\u00eb n\u00eb drejt\u00ebsi dhe r\u00ebnd\u00ebsin\u00eb q\u00eb ka ai p\u00ebr forcimin e shtetit t\u00eb s\u00eb drejt\u00ebs,\u201d shkroi Lamallari.<\/p>\n<p>Gjat\u00eb takimit, t\u00eb dy pal\u00ebt shpreh\u00ebn vullnetin dhe angazhimin p\u00ebr t\u00eb thelluar m\u00eb tej bashk\u00ebpunimin, sidomos n\u00eb kontekstin e procesit t\u00eb negociatave p\u00ebr an\u00ebtar\u00ebsimin e Shqip\u00ebris\u00eb n\u00eb Bashkimin Europian, me fokus n\u00eb Kapitullin 23: \u201cGjyq\u00ebsori dhe t\u00eb Drejtat Themelore\u201d.<\/p>\n<p>Ministri Lamallari gjithashtu n\u00ebnvizoi mb\u00ebshtetjen e Italis\u00eb p\u00ebr nismat e Ministris\u00eb s\u00eb Drejt\u00ebsis\u00eb, t\u00eb cilat zhvillohen n\u00eb p\u00ebrputhje me vizionin e qeveris\u00eb shqiptare p\u00ebr \u201cShqip\u00ebrin\u00eb 2030\u201d \u2013 nj\u00eb agjend\u00eb reformash q\u00eb synon forcimin e institucioneve dhe p\u00ebrshpejtimin e integrimit europian.<\/p>\n<p>Takimi u vler\u00ebsua si nj\u00eb hap i r\u00ebnd\u00ebsish\u00ebm drejt thellimit t\u00eb partneritetit strategjik mes Shqip\u00ebris\u00eb dhe Italis\u00eb n\u00eb fush\u00ebn e drejt\u00ebsis\u00eb dhe sundimit t\u00eb ligjit.<\/p>\n<p>The post <a href=\"https:\/\/gijotina.com\/ministri-lamallari-takon-ambasadorin-italian-marco-alberti-bashkepunim-per-shtetin-e-se-drejtes-dhe-integrimin-europian\/\">Ministri Lamallari takon ambasadorin italian Marco Alberti: Bashk\u00ebpunim p\u00ebr shtetin e s\u00eb drejt\u00ebs dhe integrimin europian<\/a> appeared first on <a href=\"https:\/\/gijotina.com\/\">GIJOTINA<\/a>.<\/p>","protected":false},"excerpt":{"rendered":"<p>Ministri i Drejt\u00ebsis\u00eb, Besfort Lamallari, zhvilloi sot nj\u00eb takim kortezie me ambasadorin e Italis\u00eb n\u00eb Tiran\u00eb, Marco Alberti. Lajmin e b\u00ebri t\u00eb ditur vet\u00eb ministri p\u00ebrmes nj\u00eb postimi n\u00eb rrjetet sociale, ku theksoi r\u00ebnd\u00ebsin\u00eb e marr\u00ebdh\u00ebnieve mes dy vendeve, ve\u00e7an\u00ebrisht n\u00eb fush\u00ebn e drejt\u00ebsis\u00eb dhe shtetit t\u00eb s\u00eb drejt\u00ebs. \u201cDiskutuam mbi bashk\u00ebpunimin e shk\u00eblqyer mes [&hellip;]<\/p>\n","protected":false},"author":0,"featured_media":0,"comment_status":"open","ping_status":"open","sticky":false,"template":"","format":"standard","meta":{"footnotes":""},"categories":[1],"tags":[],"class_list":["post-46986","post","type-post","status-publish","format-standard","hentry","category-uncategorized"],"_links":{"self":[{"href":"https:\/\/zennihost.com\/test\/wp-json\/wp\/v2\/posts\/46986","targetHints":{"allow":["GET"]}}],"collection":[{"href":"https:\/\/zennihost.com\/test\/wp-json\/wp\/v2\/posts"}],"about":[{"href":"https:\/\/zennihost.com\/test\/wp-json\/wp\/v2\/types\/post"}],"replies":[{"embeddable":true,"href":"https:\/\/zennihost.com\/test\/wp-json\/wp\/v2\/comments?post=46986"}],"version-history":[{"count":0,"href":"https:\/\/zennihost.com\/test\/wp-json\/wp\/v2\/posts\/46986\/revisions"}],"wp:attachment":[{"href":"https:\/\/zennihost.com\/test\/wp-json\/wp\/v2\/media?parent=46986"}],"wp:term":[{"taxonomy":"category","embeddable":true,"href":"https:\/\/zennihost.com\/test\/wp-json\/wp\/v2\/categories?post=46986"},{"taxonomy":"post_tag","embeddable":true,"href":"https:\/\/zennihost.com\/test\/wp-json\/wp\/v2\/tags?post=46986"}],"curies":[{"name":"wp","href":"https:\/\/api.w.org\/{rel}","templated":true}]}}