{"id":46983,"date":"2025-10-17T12:27:48","date_gmt":"2025-10-17T12:27:48","guid":{"rendered":"https:\/\/zennihost.com\/test\/2025\/10\/17\/veriu-i-shqiperise-zona-me-e-varfer-e-evropes\/"},"modified":"2025-10-17T12:27:48","modified_gmt":"2025-10-17T12:27:48","slug":"veriu-i-shqiperise-zona-me-e-varfer-e-evropes","status":"publish","type":"post","link":"https:\/\/zennihost.com\/test\/2025\/10\/17\/veriu-i-shqiperise-zona-me-e-varfer-e-evropes\/","title":{"rendered":"Veriu i Shqip\u00ebris\u00eb, zona m\u00eb e varf\u00ebr e Evrop\u00ebs"},"content":{"rendered":"<p>N\u00eb Shqip\u00ebri, 40.5% e popullsis\u00eb \u00ebsht\u00eb n\u00eb rrezik varf\u00ebrie ose p\u00ebrjashtimi social, p\u00ebr vitin 2024, sipas t\u00eb dh\u00ebnave q\u00eb u publikuan s\u00eb fundmi nga INSTAT.<\/p>\n\n<p>Kjo do t\u00eb thot\u00eb se 40.5% e popullsis\u00eb plot\u00ebsojn\u00eb t\u00eb pakt\u00ebn nj\u00eb nga k\u00ebto tre kritere:<\/p>\n<p>-Jan\u00eb n\u00eb rrezit t\u00eb varf\u00ebris\u00eb monetare \u2013 t\u00eb ardhurat e nj\u00eb personi jan\u00eb m\u00eb t\u00eb ul\u00ebta se 60% e mesatares komb\u00ebtare.<\/p>\n<p>-Kan\u00eb mungesa materiale ose sociale t\u00eb r\u00ebnda \u2013 personi nuk ka mund\u00ebsi t\u00eb p\u00ebrballoj\u00eb shpenzime baz\u00eb si ngrohja, pagesa e faturave, blerja e ushqimit, rrobave, pushimeve etj.<\/p>\n<p>-Jetojn\u00eb n\u00eb familje me intensitet shum\u00eb t\u00eb ul\u00ebt pune \u2013 kur t\u00eb rriturit n\u00eb nj\u00eb familje punojn\u00eb shum\u00eb pak ose aspak gjat\u00eb vitit.<\/p>\n<p>Ndon\u00ebse n\u00eb krahasim me vitet e m\u00ebparshme rreziku i varf\u00ebris\u00eb dhe p\u00ebrjashtimit social \u00ebsht\u00eb ulur (nga 44.5%), q\u00eb ishte n\u00eb 2022, t\u00eb dh\u00ebnat krahasuese t\u00eb Eurostat tregojn\u00eb se Shqip\u00ebria ka nivelin m\u00eb t\u00eb lart\u00eb n\u00eb Europ\u00eb dhe sa dyfishi i mesatares s\u00eb BE-s\u00eb prej 21%.<\/p>\n<p>N\u00eb rajon, varf\u00ebrin\u00eb dhe p\u00ebrjashtimin social m\u00eb t\u00eb ul\u00ebt e ka Serbia, me 24.3%, e ndjekur nga Maqedonia e Veriut (30%, me t\u00eb dh\u00ebnat e vitit 2023) dhe Mali i Zi me 34.1% (t\u00eb dh\u00ebnat e vitit 2022). Mungon informacioni p\u00ebr Kosov\u00ebn dhe Bosnj\u00eb Hercegovin\u00ebn.<\/p>\n<p>Sipas t\u00eb dh\u00ebnave t\u00eb fundit t\u00eb Eurostat, n\u00eb vitin 2024 rreth 21% e popullsis\u00eb s\u00eb Bashkimit Europian ishte n\u00eb rrezik p\u00ebr varf\u00ebri ose p\u00ebrjashtim social \u2013 q\u00eb do t\u00eb thot\u00eb se m\u00eb shum\u00eb se 95 milion\u00eb qytetar\u00eb t\u00eb BE-s\u00eb p\u00ebrfshiheshin n\u00eb t\u00eb pakt\u00ebn nj\u00eb nga tre kategorit\u00eb e treguesit: varf\u00ebri monetare, munges\u00eb materiale\/sociale, ose intensitet i ul\u00ebt pune n\u00eb familje.<\/p>\n<p>Normat ndryshojn\u00eb ndjesh\u00ebm midis vendeve. Normat m\u00eb t\u00eb larta jan\u00eb regjistruar n\u00eb Bullgari, Rumani, Greqi dhe Spanj\u00eb, ku mbi 26\u201330 % e popullsis\u00eb rrezikon p\u00ebrjashtim social. Vendet me rezultatet m\u00eb t\u00eb mira jan\u00eb Sllovenia, \u00c7ekia, Finlanda dhe Holanda, ku p\u00ebrqindja zbret n\u00ebn 13 %. Mesatarja e BE-s\u00eb q\u00ebndron n\u00eb 21 %, nj\u00eb nivel pothuajse i pandryshuar krahasuar me nj\u00eb vit m\u00eb par\u00eb, por m\u00eb i ul\u00ebt se dekad\u00ebn e kaluar.<\/p>\n<p>K\u00ebto t\u00eb dh\u00ebna tregojn\u00eb se, megjith\u00ebse standardi i jetes\u00ebs \u00ebsht\u00eb p\u00ebrmir\u00ebsuar n\u00eb disa ekonomi t\u00eb Europ\u00ebs Veriore dhe Qendrore, pabarazit\u00eb rajonale mbeten t\u00eb forta, ve\u00e7an\u00ebrisht n\u00eb vendet e Europ\u00ebs Jugore dhe Lindore, ku kombinimi i t\u00eb ardhurave t\u00eb ul\u00ebta dhe pun\u00ebsimit t\u00eb pasigurt vazhdon t\u00eb mbaj\u00eb nj\u00eb pjes\u00eb t\u00eb madhe t\u00eb popullsis\u00eb n\u00eb rrezik social.<\/p>\n<p>N\u00eb vitin 2024, n\u00eb 93 prej 243 rajoneve NUTS 2 n\u00eb Bashkimin Europian, norma e rrezikut p\u00ebr varf\u00ebri ose p\u00ebrjashtim social ishte m\u00eb e lart\u00eb se mesatarja e BE-s\u00eb prej 21 %. Vet\u00ebm kat\u00ebr rajone kishin t\u00eb nj\u00ebjt\u00ebn norm\u00eb, nd\u00ebrsa 146 ishin n\u00ebn mesatare.<\/p>\n<p>Nga ana tjet\u00ebr, 26 rajone regjistruan norma mjaft t\u00eb ul\u00ebta, m\u00eb pak se 12,5 %. Mes tyre p\u00ebrfshiheshin rajone t\u00eb Italis\u00eb veriore (p.sh. Provincia Autonome e Bolzano \u2014 6,6 %) dhe rajone n\u00eb \u00c7eki,<br \/>\nAustri dhe vende t\u00eb tjera t\u00eb BE-s\u00eb.<\/p>\n<p><strong>Veriu, i dyti m\u00eb i varfri n\u00eb Europ\u00eb<\/strong><\/p>\n<p>N\u00eb renditjen sipas rajoneve, t\u00eb dh\u00ebnat e Shqip\u00ebris\u00eb jan\u00eb p\u00ebr vitin 2022 (kur treguesi total ishte 44.5%). Veriu i Shqip\u00ebris\u00eb \u00ebsht\u00eb i dyti me nivelin m\u00eb t\u00eb lart\u00eb t\u00eb varf\u00ebris\u00eb dhe p\u00ebrjashtimit social, me 47.1%, duke l\u00ebn\u00eb pas vet\u00ebm zon\u00ebn e Guyane (q\u00eb i referohet Guajan\u00ebs Franceze (French Guiana), nj\u00eb rajon i jasht\u00ebm (overseas region) i Franc\u00ebs, q\u00eb ndodhet n\u00eb Amerik\u00ebn e Jugut, n\u00eb kufi me Brazilin dhe Surinamin), praktikisht duke e b\u00ebr\u00eb veriun e Shqip\u00ebris\u00eb m\u00eb t\u00eb varfrin n\u00eb territorin e Europ\u00ebs. Qendra kishte nj\u00eb nivel prej 44.1% dhe Jugu prej 42.6%.<\/p>\n<p>Sot \u00ebsht\u00eb Dita Nd\u00ebrkomb\u00ebtare p\u00ebr Eleminimin e Varf\u00ebris\u00eb. P\u00ebr k\u00ebt\u00eb arsye Eurostat ka publikuar t\u00eb dh\u00ebnat dhe fton institucionet dhe qytetar\u00ebt t\u00eb p\u00ebrqafojn\u00eb veprime q\u00eb reduktojn\u00eb varf\u00ebrin\u00eb dhe p\u00ebrjashtimin social n\u00eb t\u00eb gjitha rajonet e BE-s\u00eb.<\/p>\n<p>Ky tregues \u00ebsht\u00eb nj\u00eb mas\u00eb e kombinuar e standardit t\u00eb jetes\u00ebs dhe p\u00ebrfshirjes sociale, q\u00eb ndihmon BE-n\u00eb t\u00eb krahasoj\u00eb pabarazit\u00eb dhe t\u00eb vler\u00ebsoj\u00eb ndikimin e politikave sociale midis rajoneve dhe vendeve an\u00ebtare.<\/p>\n<p>N\u00eb Shqip\u00ebri, nd\u00ebr m\u00eb t\u00eb varfrit e Europ\u00ebs, k\u00ebto ftesa \u00e7udit\u00ebrisht mungojn\u00eb!\/Monitor<\/p>\n<p>The post <a href=\"https:\/\/lapsi.al\/2025\/10\/17\/veriu-i-shqiperise-zona-me-e-varfer-e-evropes\/\">Veriu i Shqip\u00ebris\u00eb, zona m\u00eb e varf\u00ebr e Evrop\u00ebs<\/a> appeared first on <a href=\"https:\/\/lapsi.al\/\">Lapsi.al<\/a>.<\/p>","protected":false},"excerpt":{"rendered":"<p>N\u00eb Shqip\u00ebri, 40.5% e popullsis\u00eb \u00ebsht\u00eb n\u00eb rrezik varf\u00ebrie ose p\u00ebrjashtimi social, p\u00ebr vitin 2024, sipas t\u00eb dh\u00ebnave q\u00eb u publikuan s\u00eb fundmi nga INSTAT. Kjo do t\u00eb thot\u00eb se 40.5% e popullsis\u00eb plot\u00ebsojn\u00eb t\u00eb pakt\u00ebn nj\u00eb nga k\u00ebto tre kritere: -Jan\u00eb n\u00eb rrezit t\u00eb varf\u00ebris\u00eb monetare \u2013 t\u00eb ardhurat e nj\u00eb personi jan\u00eb m\u00eb [&hellip;]<\/p>\n","protected":false},"author":0,"featured_media":46984,"comment_status":"open","ping_status":"open","sticky":false,"template":"","format":"standard","meta":{"footnotes":""},"categories":[1],"tags":[],"class_list":["post-46983","post","type-post","status-publish","format-standard","has-post-thumbnail","hentry","category-uncategorized"],"_links":{"self":[{"href":"https:\/\/zennihost.com\/test\/wp-json\/wp\/v2\/posts\/46983","targetHints":{"allow":["GET"]}}],"collection":[{"href":"https:\/\/zennihost.com\/test\/wp-json\/wp\/v2\/posts"}],"about":[{"href":"https:\/\/zennihost.com\/test\/wp-json\/wp\/v2\/types\/post"}],"replies":[{"embeddable":true,"href":"https:\/\/zennihost.com\/test\/wp-json\/wp\/v2\/comments?post=46983"}],"version-history":[{"count":0,"href":"https:\/\/zennihost.com\/test\/wp-json\/wp\/v2\/posts\/46983\/revisions"}],"wp:featuredmedia":[{"embeddable":true,"href":"https:\/\/zennihost.com\/test\/wp-json\/wp\/v2\/media\/46984"}],"wp:attachment":[{"href":"https:\/\/zennihost.com\/test\/wp-json\/wp\/v2\/media?parent=46983"}],"wp:term":[{"taxonomy":"category","embeddable":true,"href":"https:\/\/zennihost.com\/test\/wp-json\/wp\/v2\/categories?post=46983"},{"taxonomy":"post_tag","embeddable":true,"href":"https:\/\/zennihost.com\/test\/wp-json\/wp\/v2\/tags?post=46983"}],"curies":[{"name":"wp","href":"https:\/\/api.w.org\/{rel}","templated":true}]}}