{"id":46980,"date":"2025-10-17T12:43:12","date_gmt":"2025-10-17T12:43:12","guid":{"rendered":"https:\/\/zennihost.com\/test\/2025\/10\/17\/europa-ne-gare-me-kohen-do-te-mbetet-fuqi-apo-do-te-behet-peng\/"},"modified":"2025-10-17T12:43:12","modified_gmt":"2025-10-17T12:43:12","slug":"europa-ne-gare-me-kohen-do-te-mbetet-fuqi-apo-do-te-behet-peng","status":"publish","type":"post","link":"https:\/\/zennihost.com\/test\/2025\/10\/17\/europa-ne-gare-me-kohen-do-te-mbetet-fuqi-apo-do-te-behet-peng\/","title":{"rendered":"Europa n\u00eb gar\u00eb me koh\u00ebn: do t\u00eb mbetet fuqi apo do t\u00eb b\u00ebhet peng?"},"content":{"rendered":"<p class=\"p1\">Kancelari gjerman Friedrich Merz paralajm\u00ebroi se Europa do t\u00eb humbas\u00eb pavar\u00ebsin\u00eb e saj ndaj gjigant\u00ebve ekonomik\u00eb global\u00eb n\u00ebse lider\u00ebt e saj nuk veprojn\u00eb me shpejt\u00ebsi p\u00ebr t\u00eb rikthyer konkurrueshm\u00ebrin\u00eb.<\/p>\n<p class=\"p1\">Duke folur n\u00eb parlamentin gjerman t\u00eb enjten, p\u00ebrpara nj\u00eb samiti t\u00eb lider\u00ebve evropian\u00eb n\u00eb Bruksel jav\u00ebn e ardhshme, Merz i b\u00ebri thirrje bllokut t\u00eb nd\u00ebrmarr\u00eb reforma t\u00eb gjera ekonomike ose t\u00eb rrezikoj\u00eb t\u00eb humbas\u00eb r\u00ebnd\u00ebsin\u00eb globale.<\/p>\n<p class=\"p1\"><em>\u201cKjo \u00ebsht\u00eb jetike p\u00ebr t\u00eb ardhmen e vendit ton\u00eb dhe t\u00eb vendeve t\u00eb Evrop\u00ebs, sepse n\u00eb jav\u00ebt, muajt dhe ndoshta brenda disa viteve t\u00eb ardhshme do t\u00eb vendoset n\u00ebse Evropa do t\u00eb mbetet nj\u00eb fuqi ekonomike e pavarur n\u00eb ekonomin\u00eb globale apo n\u00ebse do t\u00eb kthehemi n\u00eb nj\u00eb peng t\u00eb qendrave t\u00eb m\u00ebdha ekonomike n\u00eb Azi ose n\u00eb Amerik\u00eb,\u201d<\/em> tha Merz.<\/p>\n<p class=\"p1\">Merz \u00ebsht\u00eb n\u00ebn presion politik n\u00eb rritje n\u00eb vend p\u00ebr t\u00eb b\u00ebr\u00eb m\u00eb shum\u00eb n\u00eb adresimin e ngecjes ekonomike t\u00eb Gjermanis\u00eb. Pas dy vitesh rresht t\u00eb kontraktimit ekonomik, ekonomist\u00ebt presin pak ose aspak rritje k\u00ebt\u00eb vit, pjes\u00ebrisht p\u00ebr shkak t\u00eb politikave tarifore t\u00eb presidentit amerikan Donald Trump, t\u00eb cilat godit\u00ebn ve\u00e7an\u00ebrisht r\u00ebnd\u00eb ekonomin\u00eb eksportuese t\u00eb Berlinit. Udh\u00ebheq\u00ebsit e biznesit gjerman tani po i k\u00ebrkojn\u00eb kancelarit t\u00eb nd\u00ebrmarr\u00eb reforma m\u00eb t\u00eb guximshme p\u00ebr t\u00eb nxitur rritjen.<\/p>\n<p class=\"p1\">Koalicioni qendror i Merzit \u00ebsht\u00eb zotuar t\u00eb nd\u00ebrmarr\u00eb reforma n\u00eb tregun e pun\u00ebs dhe n\u00eb sistemin e mir\u00ebqenies. Por jav\u00ebt e fundit, Merz ka drejtuar gjithnj\u00eb e m\u00eb shum\u00eb gishtin nga Brukseli, duke i k\u00ebrkuar bllokut t\u00eb shkurtoj\u00eb burokracin\u00eb p\u00ebr biznesin, t\u00eb forcoj\u00eb tregun e brendsh\u00ebm t\u00eb BE-s\u00eb dhe t\u00eb n\u00ebnshkruaj\u00eb m\u00eb shum\u00eb marr\u00ebveshje tregtare globale.<\/p>\n<p class=\"p1\"><em>\u201cNuk kemi nj\u00eb problem me nd\u00ebrgjegj\u00ebsimin n\u00eb Europ\u00eb; kemi nj\u00eb problem me zbatimin,\u201d<\/em> tha Merz t\u00eb enjten. <em>\u201cPrandaj kam nd\u00ebrmend ta ngre s\u00ebrish k\u00ebt\u00eb \u00e7\u00ebshtje t\u00eb zbatimit me partner\u00ebt tan\u00eb evropian\u00eb. Dhe edhe nj\u00eb her\u00eb, kjo ka t\u00eb b\u00ebj\u00eb para s\u00eb gjithash me konkurrueshm\u00ebrin\u00eb e ekonomis\u00eb son\u00eb evropiane.\u201d\u00a0<\/em><\/p>\n<p class=\"p1\">Merz sugjeroi se nj\u00eb plan veprimi \u00ebsht\u00eb tashm\u00eb mbi tryez\u00eb, duke iu referuar dy studimeve t\u00eb ish-kryeministrave italian\u00eb Mario Draghi dhe Enrico Letta mbi propozimet p\u00ebr thellimin e tregut t\u00eb brendsh\u00ebm t\u00eb BE-s\u00eb dhe rritjen e konkurrueshm\u00ebris\u00eb.<em> \u201cK\u00ebto dy raporte nuk duhet t\u00eb p\u00ebrfundojn\u00eb n\u00eb dollap\u00ebt e dosjeve t\u00eb Komisionit Evropian,\u201d<\/em> tha Merz. <em>\u201cAto tani i takojn\u00eb rendit t\u00eb dit\u00ebs s\u00eb Bashkimit Evropian.\u201d<\/em><\/p>\n<p class=\"p1\">Merz i b\u00ebri thirrje Komisionit t\u00eb negocioj\u00eb m\u00eb shum\u00eb marr\u00ebveshje tregtare vet\u00ebm n\u00eb nivel t\u00eb BE-s\u00eb me vende dhe blloqe tregtare anemban\u00eb bot\u00ebs. Ai po ashtu i k\u00ebrkoi BE-s\u00eb t\u00eb miratoj\u00eb nj\u00eb marr\u00ebveshje tregtare me bllokun e vendeve t\u00eb Amerik\u00ebs s\u00eb Jugut, Mercosur, p\u00ebrpara fundit t\u00eb vitit.<\/p>\n<p>Politico, p\u00ebrgatiti n\u00eb shqip <strong>\u00a9LAPSI.AL\u00a0<\/strong><\/p>\n<p>The post <a href=\"https:\/\/lapsi.al\/2025\/10\/17\/europa-ne-gare-me-kohen-do-te-mbetet-fuqi-apo-do-te-behet-peng\/\">Europa n\u00eb gar\u00eb me koh\u00ebn: do t\u00eb mbetet fuqi apo do t\u00eb b\u00ebhet peng?<\/a> appeared first on <a href=\"https:\/\/lapsi.al\/\">Lapsi.al<\/a>.<\/p>","protected":false},"excerpt":{"rendered":"<p>Kancelari gjerman Friedrich Merz paralajm\u00ebroi se Europa do t\u00eb humbas\u00eb pavar\u00ebsin\u00eb e saj ndaj gjigant\u00ebve ekonomik\u00eb global\u00eb n\u00ebse lider\u00ebt e saj nuk veprojn\u00eb me shpejt\u00ebsi p\u00ebr t\u00eb rikthyer konkurrueshm\u00ebrin\u00eb. Duke folur n\u00eb parlamentin gjerman t\u00eb enjten, p\u00ebrpara nj\u00eb samiti t\u00eb lider\u00ebve evropian\u00eb n\u00eb Bruksel jav\u00ebn e ardhshme, Merz i b\u00ebri thirrje bllokut t\u00eb nd\u00ebrmarr\u00eb reforma [&hellip;]<\/p>\n","protected":false},"author":0,"featured_media":0,"comment_status":"open","ping_status":"open","sticky":false,"template":"","format":"standard","meta":{"footnotes":""},"categories":[1],"tags":[],"class_list":["post-46980","post","type-post","status-publish","format-standard","hentry","category-uncategorized"],"_links":{"self":[{"href":"https:\/\/zennihost.com\/test\/wp-json\/wp\/v2\/posts\/46980","targetHints":{"allow":["GET"]}}],"collection":[{"href":"https:\/\/zennihost.com\/test\/wp-json\/wp\/v2\/posts"}],"about":[{"href":"https:\/\/zennihost.com\/test\/wp-json\/wp\/v2\/types\/post"}],"replies":[{"embeddable":true,"href":"https:\/\/zennihost.com\/test\/wp-json\/wp\/v2\/comments?post=46980"}],"version-history":[{"count":0,"href":"https:\/\/zennihost.com\/test\/wp-json\/wp\/v2\/posts\/46980\/revisions"}],"wp:attachment":[{"href":"https:\/\/zennihost.com\/test\/wp-json\/wp\/v2\/media?parent=46980"}],"wp:term":[{"taxonomy":"category","embeddable":true,"href":"https:\/\/zennihost.com\/test\/wp-json\/wp\/v2\/categories?post=46980"},{"taxonomy":"post_tag","embeddable":true,"href":"https:\/\/zennihost.com\/test\/wp-json\/wp\/v2\/tags?post=46980"}],"curies":[{"name":"wp","href":"https:\/\/api.w.org\/{rel}","templated":true}]}}