{"id":46975,"date":"2025-10-17T12:48:17","date_gmt":"2025-10-17T12:48:17","guid":{"rendered":"https:\/\/zennihost.com\/test\/2025\/10\/17\/nje-person-vetevritet-me-arme-ne-poligonin-prane-stadiumit-air-albania\/"},"modified":"2025-10-17T12:48:17","modified_gmt":"2025-10-17T12:48:17","slug":"nje-person-vetevritet-me-arme-ne-poligonin-prane-stadiumit-air-albania","status":"publish","type":"post","link":"https:\/\/zennihost.com\/test\/2025\/10\/17\/nje-person-vetevritet-me-arme-ne-poligonin-prane-stadiumit-air-albania\/","title":{"rendered":"Nj\u00eb person vet\u00ebvritet me arm\u00eb n\u00eb poligonin pran\u00eb stadiumit \u201cAir Albania\u201d"},"content":{"rendered":"<p>Nj\u00eb ngjarje tragjike ka ndodhur rreth or\u00ebs 13:30 t\u00eb dit\u00ebs s\u00eb sotme n\u00eb Tiran\u00eb, ku dyshohet se nj\u00eb person ka kryer vet\u00ebvrasje brenda ambienteve t\u00eb nj\u00eb poligoni qitjeje.<\/p>\n<p>Policia e Tiran\u00ebs konfirmoi ngjarjen me nj\u00eb njoftim paraprak, duke deklaruar se: Viktima \u00ebsht\u00eb shtetasi B. H., 35 vje\u00e7. Ngjarja ka ndodhur brenda nj\u00eb poligoni n\u00eb rrug\u00ebn \u201cDervish Hima\u201d, n\u00eb af\u00ebrsi t\u00eb stadiumit \u201cAir Albania\u201d. \u00a0Dyshohet se shtetasi B. H. ka kryer vet\u00ebvrasje me arm\u00ebn e zjarrit me t\u00eb cil\u00ebn po kryente qitje.<\/p>\n<p>Sh\u00ebrbimet e Policis\u00eb dhe grupi hetimor ndodhen n\u00eb vendngjarje dhe po punojn\u00eb p\u00ebr sqarimin e plot\u00eb t\u00eb rrethanave dhe dokumentimin ligjor t\u00eb rastit.<\/p>\n<p>Nga burimet u b\u00eb i mundur identifikimi i viktim\u00ebs si Bledi Hasani. Hasani raportohet se ka qen\u00eb klient i poligonit t\u00eb qitjes, por gjat\u00eb qitjes ka kthyer arm\u00ebn nga vetja. Ende nuk ka detaje t\u00eb qarta mbi rrethanat specifike q\u00eb \u00e7uan n\u00eb k\u00ebt\u00eb akt tragjik, as mbi arsyet apo motivet q\u00eb e shtyn\u00eb 35-vje\u00e7arin drejt vet\u00ebvrasjes.<\/p>\n<p>Hetimet do t\u00eb vazhdojn\u00eb me marrjen n\u00eb pyetje t\u00eb d\u00ebshmitar\u00ebve dhe analiza t\u00eb tjera p\u00ebr t\u00eb zbardhur plot\u00ebsisht dinamik\u00ebn e ngjarjes brenda poligonit.<\/p>\n<p>The post <a href=\"https:\/\/gijotina.com\/nje-person-vetevritet-me-arme-ne-poligonin-prane-stadiumit-air-albania\/\">Nj\u00eb person vet\u00ebvritet me arm\u00eb n\u00eb poligonin pran\u00eb stadiumit \u201cAir Albania\u201d<\/a> appeared first on <a href=\"https:\/\/gijotina.com\/\">GIJOTINA<\/a>.<\/p>","protected":false},"excerpt":{"rendered":"<p>Nj\u00eb ngjarje tragjike ka ndodhur rreth or\u00ebs 13:30 t\u00eb dit\u00ebs s\u00eb sotme n\u00eb Tiran\u00eb, ku dyshohet se nj\u00eb person ka kryer vet\u00ebvrasje brenda ambienteve t\u00eb nj\u00eb poligoni qitjeje. Policia e Tiran\u00ebs konfirmoi ngjarjen me nj\u00eb njoftim paraprak, duke deklaruar se: Viktima \u00ebsht\u00eb shtetasi B. H., 35 vje\u00e7. Ngjarja ka ndodhur brenda nj\u00eb poligoni n\u00eb rrug\u00ebn [&hellip;]<\/p>\n","protected":false},"author":0,"featured_media":0,"comment_status":"open","ping_status":"open","sticky":false,"template":"","format":"standard","meta":{"footnotes":""},"categories":[1],"tags":[],"class_list":["post-46975","post","type-post","status-publish","format-standard","hentry","category-uncategorized"],"_links":{"self":[{"href":"https:\/\/zennihost.com\/test\/wp-json\/wp\/v2\/posts\/46975","targetHints":{"allow":["GET"]}}],"collection":[{"href":"https:\/\/zennihost.com\/test\/wp-json\/wp\/v2\/posts"}],"about":[{"href":"https:\/\/zennihost.com\/test\/wp-json\/wp\/v2\/types\/post"}],"replies":[{"embeddable":true,"href":"https:\/\/zennihost.com\/test\/wp-json\/wp\/v2\/comments?post=46975"}],"version-history":[{"count":0,"href":"https:\/\/zennihost.com\/test\/wp-json\/wp\/v2\/posts\/46975\/revisions"}],"wp:attachment":[{"href":"https:\/\/zennihost.com\/test\/wp-json\/wp\/v2\/media?parent=46975"}],"wp:term":[{"taxonomy":"category","embeddable":true,"href":"https:\/\/zennihost.com\/test\/wp-json\/wp\/v2\/categories?post=46975"},{"taxonomy":"post_tag","embeddable":true,"href":"https:\/\/zennihost.com\/test\/wp-json\/wp\/v2\/tags?post=46975"}],"curies":[{"name":"wp","href":"https:\/\/api.w.org\/{rel}","templated":true}]}}