{"id":46974,"date":"2025-10-17T12:48:17","date_gmt":"2025-10-17T12:48:17","guid":{"rendered":"https:\/\/zennihost.com\/test\/2025\/10\/17\/aksident-ne-elbasan-perrenjas-makinat-perplasen-koke-me-koke-plagosen-shoferet\/"},"modified":"2025-10-17T12:48:17","modified_gmt":"2025-10-17T12:48:17","slug":"aksident-ne-elbasan-perrenjas-makinat-perplasen-koke-me-koke-plagosen-shoferet","status":"publish","type":"post","link":"https:\/\/zennihost.com\/test\/2025\/10\/17\/aksident-ne-elbasan-perrenjas-makinat-perplasen-koke-me-koke-plagosen-shoferet\/","title":{"rendered":"Aksident n\u00eb Elbasan-P\u00ebrrenjas\/ Makinat p\u00ebrplasen \u2018kok\u00eb m\u00eb kok\u00eb\u2019, plagosen shofer\u00ebt"},"content":{"rendered":"<p>Nj\u00eb aksident \u00ebsht\u00eb regjistruar n\u00eb aksin Elbasan-P\u00ebrrenjas pak momente m\u00eb par\u00eb.<\/p>\n<p>Dy automjet jan\u00eb p\u00ebrplasur me nj\u00ebra-tjetr\u00ebn \u2018kok\u00eb m\u00eb kok\u00eb\u2019, si pasoj\u00eb u plagos\u00ebn dy shofer\u00ebt.<\/p>\n<p>M\u00ebsohet se dy t\u00eb l\u00ebnduarit jan\u00eb d\u00ebrguar n\u00eb spital p\u00ebr t\u00eb marr\u00eb ndihm\u00eb mjek\u00ebsore.<\/p>\n<p>Policia ndodhet n\u00eb vendngjarje dhe po punon p\u00ebr zbardhjen e plot\u00eb t\u00eb shkaqeve t\u00eb aksidentit. T\u00eb p\u00ebrfshir\u00eb n\u00eb aksident nj\u00eb furgon mallrash dhe nj\u00eb furgon pasagjer\u00ebsh.<\/p>\n<p>The post <a href=\"https:\/\/gijotina.com\/aksident-ne-elbasan-perrenjas-makinat-perplasen-koke-me-koke-plagosen-shoferet\/\">Aksident n\u00eb Elbasan-P\u00ebrrenjas\/ Makinat p\u00ebrplasen \u2018kok\u00eb m\u00eb kok\u00eb\u2019, plagosen shofer\u00ebt<\/a> appeared first on <a href=\"https:\/\/gijotina.com\/\">GIJOTINA<\/a>.<\/p>","protected":false},"excerpt":{"rendered":"<p>Nj\u00eb aksident \u00ebsht\u00eb regjistruar n\u00eb aksin Elbasan-P\u00ebrrenjas pak momente m\u00eb par\u00eb. Dy automjet jan\u00eb p\u00ebrplasur me nj\u00ebra-tjetr\u00ebn \u2018kok\u00eb m\u00eb kok\u00eb\u2019, si pasoj\u00eb u plagos\u00ebn dy shofer\u00ebt. M\u00ebsohet se dy t\u00eb l\u00ebnduarit jan\u00eb d\u00ebrguar n\u00eb spital p\u00ebr t\u00eb marr\u00eb ndihm\u00eb mjek\u00ebsore. Policia ndodhet n\u00eb vendngjarje dhe po punon p\u00ebr zbardhjen e plot\u00eb t\u00eb shkaqeve t\u00eb aksidentit. [&hellip;]<\/p>\n","protected":false},"author":0,"featured_media":0,"comment_status":"open","ping_status":"open","sticky":false,"template":"","format":"standard","meta":{"footnotes":""},"categories":[1],"tags":[],"class_list":["post-46974","post","type-post","status-publish","format-standard","hentry","category-uncategorized"],"_links":{"self":[{"href":"https:\/\/zennihost.com\/test\/wp-json\/wp\/v2\/posts\/46974","targetHints":{"allow":["GET"]}}],"collection":[{"href":"https:\/\/zennihost.com\/test\/wp-json\/wp\/v2\/posts"}],"about":[{"href":"https:\/\/zennihost.com\/test\/wp-json\/wp\/v2\/types\/post"}],"replies":[{"embeddable":true,"href":"https:\/\/zennihost.com\/test\/wp-json\/wp\/v2\/comments?post=46974"}],"version-history":[{"count":0,"href":"https:\/\/zennihost.com\/test\/wp-json\/wp\/v2\/posts\/46974\/revisions"}],"wp:attachment":[{"href":"https:\/\/zennihost.com\/test\/wp-json\/wp\/v2\/media?parent=46974"}],"wp:term":[{"taxonomy":"category","embeddable":true,"href":"https:\/\/zennihost.com\/test\/wp-json\/wp\/v2\/categories?post=46974"},{"taxonomy":"post_tag","embeddable":true,"href":"https:\/\/zennihost.com\/test\/wp-json\/wp\/v2\/tags?post=46974"}],"curies":[{"name":"wp","href":"https:\/\/api.w.org\/{rel}","templated":true}]}}