{"id":46971,"date":"2025-10-17T11:26:06","date_gmt":"2025-10-17T11:26:06","guid":{"rendered":"https:\/\/zennihost.com\/test\/2025\/10\/17\/berisha-kushtetuesja-u-shnderrua-ne-notere-te-sokol-sadushit\/"},"modified":"2025-10-17T11:26:06","modified_gmt":"2025-10-17T11:26:06","slug":"berisha-kushtetuesja-u-shnderrua-ne-notere-te-sokol-sadushit","status":"publish","type":"post","link":"https:\/\/zennihost.com\/test\/2025\/10\/17\/berisha-kushtetuesja-u-shnderrua-ne-notere-te-sokol-sadushit\/","title":{"rendered":"Berisha: Kushtetuesja u shnd\u00ebrrua n\u00eb NOTERE t\u00eb Sokol Sadushit"},"content":{"rendered":"<p>Kryetari i Partis\u00eb Demokratike, Sali Berisha ka dal\u00eb sot n\u00eb nj\u00eb konferenc\u00eb p\u00ebr mediat, nd\u00ebrsa komentoi vendimin e Gjykat\u00ebs Kushtetuese, e cila i hapi rrug\u00eb Presidentit t\u00eb Republik\u00ebs p\u00ebr t\u00eb shpallur vakanc\u00ebn n\u00eb vendin e Sonila Bejtjas.<\/p>\n<p>Berisha e cil\u00ebsoi k\u00ebt\u00eb nj\u00eb ngjarje t\u00eb r\u00ebnd\u00eb. Sipas Berish\u00ebs, Gjykata Kushtetuese vendoi t\u00eb shkallmoj\u00eb ligjet e saj.<\/p>\n<p>\u201c<em>Gjykata Kushtetuese vendos shkelmimin e ligjit t\u00eb saj. Ajo b\u00ebhet noter\u00eb e nj\u00eb seri veprimesh, antikushtetuese, antiligjore t\u00eb eksponentit m\u00eb kryesor t\u00eb mafies n\u00eb drejt\u00ebsin\u00eb shqiptare, me emrin Sokol Sadushi dhe presidentit antikushtetues. Sonila Bejtjas, gjykat\u00ebse e em\u00ebruar n\u00eb 2020 me dekret t\u00eb presidentit Meta, gjykata Kushtetuese vendosi q\u00eb t\u00eb shpall\u00eb nd\u00ebrprerjen e mandatit t\u00eb saj. P\u00ebrcaktimi i Kushtetut\u00ebs n\u00eb nenin 125 pika 6, se p\u00ebrb\u00ebrja e gjykat\u00ebs Kushtetuese, p\u00ebrt\u00ebrihet cdo 3 vjet me nj\u00eb t\u00eb tret\u00ebn e saj<\/em>\u201d, tha Berisha.<\/p>\n<p>The post <a href=\"https:\/\/lapsi.al\/2025\/10\/17\/berisha-kushtetuesja-u-shnderrua-ne-notere-te-sokol-sadushit\/\">Berisha: Kushtetuesja u shnd\u00ebrrua n\u00eb NOTERE t\u00eb Sokol Sadushit<\/a> appeared first on <a href=\"https:\/\/lapsi.al\/\">Lapsi.al<\/a>.<\/p>","protected":false},"excerpt":{"rendered":"<p>Kryetari i Partis\u00eb Demokratike, Sali Berisha ka dal\u00eb sot n\u00eb nj\u00eb konferenc\u00eb p\u00ebr mediat, nd\u00ebrsa komentoi vendimin e Gjykat\u00ebs Kushtetuese, e cila i hapi rrug\u00eb Presidentit t\u00eb Republik\u00ebs p\u00ebr t\u00eb shpallur vakanc\u00ebn n\u00eb vendin e Sonila Bejtjas. Berisha e cil\u00ebsoi k\u00ebt\u00eb nj\u00eb ngjarje t\u00eb r\u00ebnd\u00eb. Sipas Berish\u00ebs, Gjykata Kushtetuese vendoi t\u00eb shkallmoj\u00eb ligjet e saj. [&hellip;]<\/p>\n","protected":false},"author":0,"featured_media":0,"comment_status":"open","ping_status":"open","sticky":false,"template":"","format":"standard","meta":{"footnotes":""},"categories":[1],"tags":[],"class_list":["post-46971","post","type-post","status-publish","format-standard","hentry","category-uncategorized"],"_links":{"self":[{"href":"https:\/\/zennihost.com\/test\/wp-json\/wp\/v2\/posts\/46971","targetHints":{"allow":["GET"]}}],"collection":[{"href":"https:\/\/zennihost.com\/test\/wp-json\/wp\/v2\/posts"}],"about":[{"href":"https:\/\/zennihost.com\/test\/wp-json\/wp\/v2\/types\/post"}],"replies":[{"embeddable":true,"href":"https:\/\/zennihost.com\/test\/wp-json\/wp\/v2\/comments?post=46971"}],"version-history":[{"count":0,"href":"https:\/\/zennihost.com\/test\/wp-json\/wp\/v2\/posts\/46971\/revisions"}],"wp:attachment":[{"href":"https:\/\/zennihost.com\/test\/wp-json\/wp\/v2\/media?parent=46971"}],"wp:term":[{"taxonomy":"category","embeddable":true,"href":"https:\/\/zennihost.com\/test\/wp-json\/wp\/v2\/categories?post=46971"},{"taxonomy":"post_tag","embeddable":true,"href":"https:\/\/zennihost.com\/test\/wp-json\/wp\/v2\/tags?post=46971"}],"curies":[{"name":"wp","href":"https:\/\/api.w.org\/{rel}","templated":true}]}}