{"id":46968,"date":"2025-10-17T11:48:27","date_gmt":"2025-10-17T11:48:27","guid":{"rendered":"https:\/\/zennihost.com\/test\/2025\/10\/17\/tri-aktivitete-publike-ne-fundjave-ne-tirane-policia-njofton-kufizime-ne-qarkullim\/"},"modified":"2025-10-17T11:48:27","modified_gmt":"2025-10-17T11:48:27","slug":"tri-aktivitete-publike-ne-fundjave-ne-tirane-policia-njofton-kufizime-ne-qarkullim","status":"publish","type":"post","link":"https:\/\/zennihost.com\/test\/2025\/10\/17\/tri-aktivitete-publike-ne-fundjave-ne-tirane-policia-njofton-kufizime-ne-qarkullim\/","title":{"rendered":"Tri aktivitete publike n\u00eb fundjav\u00eb n\u00eb Tiran\u00eb, policia njofton kufizime n\u00eb qarkullim"},"content":{"rendered":"<p>Plane t\u00eb posa\u00e7me veprimi jan\u00eb hartuar dhe kan\u00eb nisur zbatimin, me q\u00ebllim garantimin e mbar\u00ebvajtjes s\u00eb tri aktiviteteve me pjes\u00ebmarrje t\u00eb lart\u00eb, q\u00eb do t\u00eb zhvillohen n\u00eb kryeqytet gjat\u00eb dit\u00ebs s\u00eb sotme dhe gjat\u00eb fundjav\u00ebs. Planet synojn\u00eb gjithashtu t\u00eb leht\u00ebsojn\u00eb trafikun, t\u00eb orientojn\u00eb qytetar\u00ebt dhe t\u00eb garantojn\u00eb sigurin\u00eb publike.<\/p>\n<p>N\u00eb k\u00ebt\u00eb kuad\u00ebr, informojm\u00eb qytetar\u00ebt se:<\/p>\n<p>-do t\u00eb ket\u00eb bllokim t\u00eb p\u00ebrkohsh\u00ebm t\u00eb qarkullimit n\u00eb Bulevardin e Ri, gjat\u00eb zhvillimit t\u00eb tubimit t\u00eb sot\u00ebm n\u00eb sheshin \u201cSk\u00ebnderbej\u201d, konkretisht prej or\u00ebs 17:00 deri rreth or\u00ebs 19:00;<br \/>\n-m\u00eb dat\u00eb 18.10.2025, gjat\u00eb aktivitetit \u201cMaratona Fan Run\u201d, nga ora 09:00 deri n\u00eb 11:00, do t\u00eb kufizohet l\u00ebvizja n\u00eb segmentin nga sheshi \u201cN\u00ebn\u00eb Tereza\u201d deri te bulevardi \u201cD\u00ebshmor\u00ebt e Kombit\u201d;<br \/>\n-m\u00eb dat\u00eb 19.10.2025, gjat\u00eb aktivitetit sportiv \u201cMaratona e Tiran\u00ebs 2025\u201d, do t\u00eb ket\u00eb kufizim t\u00eb qarkullimit t\u00eb automjeteve nga ora 08:00 deri n\u00eb 16:00, n\u00eb zonat\/segmentet rrugore: sheshi \u201cN\u00ebn\u00eb Tereza\u201d, bulevardi \u201cD\u00ebshmor\u00ebt e Kombit\u201d, rruga \u201cGjergj Filipi\u201d, rruga \u201cPapa Gjon Pali II\u201d, rruga \u201cIsmail Qemali\u201d, bulevardi \u201cBajram Curri\u201d, kryq\u00ebzimi me Rrug\u00ebn e Elbasanit, rruga \u201cGeorge \u00cb. Bush\u201d, rruga \u201cAbdi Toptani\u201d, bulevardi \u201cZog I\u201d, Bulevardi i Ri, rruga \u201cDed Gjo Luli\u201d, Rruga e \u201cDurr\u00ebsit\u201d, Rruga e \u201cKavaj\u00ebs\u201d, rruga \u201cMyslym Shyri\u201d, bulevardi \u201cZhan D\u2019Ark\u201d (nga ura e Gjykat\u00ebs deri te ura e \u201cTaiwan\u201d), bulevardi \u201cBajram Curri\u201d (nga ura e Gjykat\u00ebs s\u00eb Rrethit deri te ura e \u201cTaiwan\u201d), rruga \u201cIbrahim Rugova\u201d dhe rruga \u201cLek Dukagjini\u201d.<\/p>\n<p>Gjithashtu, informojm\u00eb se p\u00ebr t\u00eb garantuar mbar\u00ebvajtjen e k\u00ebtij aktiviteti, itinerari i mjeteve t\u00eb transportit urban, do t\u00eb pezullohet p\u00ebrgjat\u00eb bulevardit \u201cD\u00ebshmor\u00ebt e Kombit\u201d dhe sheshit \u201cN\u00ebn\u00eb Tereza\u201d, si dhe n\u00eb t\u00eb gjitha segmentet rrugore q\u00eb kryq\u00ebzohen me itinerarin e sip\u00ebrcituar, nga ora 08:00 deri n\u00eb 16:00, t\u00eb dat\u00ebs 19.10.2025.<\/p>\n<p>M\u00eb tej, do t\u00eb ndalohet qarkullimi i automjeteve p\u00ebr transport t\u00eb p\u00ebrzier, teknologjik\u00eb dhe atyre p\u00ebr transport pasagjer\u00ebsh (p\u00ebrve\u00e7 mjeteve t\u00eb transportit urban qytetas), n\u00eb brend\u00ebsi t\u00eb Unaz\u00ebs s\u00eb Madhe, m\u00eb dat\u00eb 19.10.2025, nga ora 08:00 deri n\u00eb 16:00.<\/p>\n<p>Informojm\u00eb se qarkullimi i mjeteve t\u00eb Emergjenc\u00ebs dhe i Policis\u00eb s\u00eb Shtetit do t\u00eb vijoj\u00eb normalisht n\u00eb t\u00eb gjitha itineraret e lartp\u00ebrmendura.<br \/>\nPolicia e Tiran\u00ebs fton qytetar\u00ebt q\u00eb t\u00eb shmangin l\u00ebvizjen me mjete, n\u00eb zonat ku do t\u00eb ket\u00eb kufizime, t\u00eb p\u00ebrdorin rrug\u00eb alternative dhe t\u00eb respektojn\u00eb udh\u00ebzimet e punonj\u00ebsve t\u00eb Policis\u00eb, n\u00eb terren.<\/p>\n<p>The post <a href=\"https:\/\/lexo.al\/2025\/10\/tri-aktivitete-publike-ne-fundjave-ne-tirane-policia-njofton-kufizime-ne-qarkullim\/\">Tri aktivitete publike n\u00eb fundjav\u00eb n\u00eb Tiran\u00eb, policia njofton kufizime n\u00eb qarkullim<\/a> appeared first on <a href=\"https:\/\/lexo.al\/\">www.lexo.al<\/a>.<\/p>","protected":false},"excerpt":{"rendered":"<p>Plane t\u00eb posa\u00e7me veprimi jan\u00eb hartuar dhe kan\u00eb nisur zbatimin, me q\u00ebllim garantimin e mbar\u00ebvajtjes s\u00eb tri aktiviteteve me pjes\u00ebmarrje t\u00eb lart\u00eb, q\u00eb do t\u00eb zhvillohen n\u00eb kryeqytet gjat\u00eb dit\u00ebs s\u00eb sotme dhe gjat\u00eb fundjav\u00ebs. Planet synojn\u00eb gjithashtu t\u00eb leht\u00ebsojn\u00eb trafikun, t\u00eb orientojn\u00eb qytetar\u00ebt dhe t\u00eb garantojn\u00eb sigurin\u00eb publike. N\u00eb k\u00ebt\u00eb kuad\u00ebr, informojm\u00eb qytetar\u00ebt se: [&hellip;]<\/p>\n","protected":false},"author":0,"featured_media":0,"comment_status":"open","ping_status":"open","sticky":false,"template":"","format":"standard","meta":{"footnotes":""},"categories":[1],"tags":[],"class_list":["post-46968","post","type-post","status-publish","format-standard","hentry","category-uncategorized"],"_links":{"self":[{"href":"https:\/\/zennihost.com\/test\/wp-json\/wp\/v2\/posts\/46968","targetHints":{"allow":["GET"]}}],"collection":[{"href":"https:\/\/zennihost.com\/test\/wp-json\/wp\/v2\/posts"}],"about":[{"href":"https:\/\/zennihost.com\/test\/wp-json\/wp\/v2\/types\/post"}],"replies":[{"embeddable":true,"href":"https:\/\/zennihost.com\/test\/wp-json\/wp\/v2\/comments?post=46968"}],"version-history":[{"count":0,"href":"https:\/\/zennihost.com\/test\/wp-json\/wp\/v2\/posts\/46968\/revisions"}],"wp:attachment":[{"href":"https:\/\/zennihost.com\/test\/wp-json\/wp\/v2\/media?parent=46968"}],"wp:term":[{"taxonomy":"category","embeddable":true,"href":"https:\/\/zennihost.com\/test\/wp-json\/wp\/v2\/categories?post=46968"},{"taxonomy":"post_tag","embeddable":true,"href":"https:\/\/zennihost.com\/test\/wp-json\/wp\/v2\/tags?post=46968"}],"curies":[{"name":"wp","href":"https:\/\/api.w.org\/{rel}","templated":true}]}}