{"id":46966,"date":"2025-10-17T11:48:26","date_gmt":"2025-10-17T11:48:26","guid":{"rendered":"https:\/\/zennihost.com\/test\/2025\/10\/17\/dialogu-mesdhetar-med-spiropali-integrimi-i-shqiperise-dhe-ballkanit-perendimor-bashkimi-i-evropes\/"},"modified":"2025-10-17T11:48:26","modified_gmt":"2025-10-17T11:48:26","slug":"dialogu-mesdhetar-med-spiropali-integrimi-i-shqiperise-dhe-ballkanit-perendimor-bashkimi-i-evropes","status":"publish","type":"post","link":"https:\/\/zennihost.com\/test\/2025\/10\/17\/dialogu-mesdhetar-med-spiropali-integrimi-i-shqiperise-dhe-ballkanit-perendimor-bashkimi-i-evropes\/","title":{"rendered":"Dialogu Mesdhetar MED, Spiropali: Integrimi i Shqip\u00ebris\u00eb dhe Ballkanit Per\u00ebndimor, Bashkimi i Evrop\u00ebs"},"content":{"rendered":"<p>N\u00eb kuad\u00ebr t\u00eb pjes\u00ebmarrjes n\u00eb Edicionin e XI-t\u00eb t\u00eb Dialogut Mesdhetar MED n\u00eb Napoli t\u00eb Italis\u00eb, Ministrja p\u00ebr Evrop\u00ebn dhe Pun\u00ebt e Jashtme, Elisa Spiropali ishte fol\u00ebse kryesore n\u00eb Panelin p\u00ebr Rifuqizimin e Diplomacis\u00eb Nd\u00ebrkomb\u00ebtare dhe Rolin e Ballkanit.<\/p>\n<p>Gjat\u00eb k\u00ebtij paneli me ministrat e rajonit, Ministrja Spiropali theksoi ritmin e shpejt\u00eb t\u00eb negociatave t\u00eb Shqip\u00ebris\u00eb me institucionet e BE-s\u00eb dhe reformat e gjera e gjith\u00ebp\u00ebrfshir\u00ebse q\u00eb vendi yn\u00eb ka nd\u00ebrmarr\u00eb drejt q\u00ebllimit ton\u00eb p\u00ebrfundimtar: an\u00ebtar\u00ebsimit t\u00eb plot\u00eb n\u00eb BE.<\/p>\n<p>\u201cRruga drejt BE-s\u00eb q\u00ebndron n\u00eb zem\u00ebr t\u00eb progresit transformues t\u00eb Shqip\u00ebris\u00eb, dhe e mb\u00ebshtetur nga miq t\u00eb m\u00ebdhenj si Italia.\u201d \u2013 tha nd\u00ebr t\u00eb tjera Spiropali, duke n\u00ebnvizuar gjithashtu se:<\/p>\n<p>\u201cLidhjet tona t\u00eb thella historike dhe kulturore, s\u00eb bashku me mb\u00ebshtetjen e vazhdueshme dhe t\u00eb fort\u00eb t\u00eb Italis\u00eb p\u00ebr rrug\u00ebtimin ton\u00eb t\u00eb integrimit, p\u00ebrb\u00ebjn\u00eb nj\u00eb themel t\u00eb q\u00ebndruesh\u00ebm p\u00ebr forcimin e Partneritetit ton\u00eb Strategjik.\u201d<\/p>\n<p>The post <a href=\"https:\/\/lexo.al\/2025\/10\/dialogu-mesdhetar-med-spiropali-integrimi-i-shqiperise-dhe-ballkanit-perendimor-bashkimi-i-evropes\/\">Dialogu Mesdhetar MED, Spiropali: Integrimi i Shqip\u00ebris\u00eb dhe Ballkanit Per\u00ebndimor, Bashkimi i Evrop\u00ebs<\/a> appeared first on <a href=\"https:\/\/lexo.al\/\">www.lexo.al<\/a>.<\/p>","protected":false},"excerpt":{"rendered":"<p>N\u00eb kuad\u00ebr t\u00eb pjes\u00ebmarrjes n\u00eb Edicionin e XI-t\u00eb t\u00eb Dialogut Mesdhetar MED n\u00eb Napoli t\u00eb Italis\u00eb, Ministrja p\u00ebr Evrop\u00ebn dhe Pun\u00ebt e Jashtme, Elisa Spiropali ishte fol\u00ebse kryesore n\u00eb Panelin p\u00ebr Rifuqizimin e Diplomacis\u00eb Nd\u00ebrkomb\u00ebtare dhe Rolin e Ballkanit. Gjat\u00eb k\u00ebtij paneli me ministrat e rajonit, Ministrja Spiropali theksoi ritmin e shpejt\u00eb t\u00eb negociatave t\u00eb [&hellip;]<\/p>\n","protected":false},"author":0,"featured_media":0,"comment_status":"open","ping_status":"open","sticky":false,"template":"","format":"standard","meta":{"footnotes":""},"categories":[1],"tags":[],"class_list":["post-46966","post","type-post","status-publish","format-standard","hentry","category-uncategorized"],"_links":{"self":[{"href":"https:\/\/zennihost.com\/test\/wp-json\/wp\/v2\/posts\/46966","targetHints":{"allow":["GET"]}}],"collection":[{"href":"https:\/\/zennihost.com\/test\/wp-json\/wp\/v2\/posts"}],"about":[{"href":"https:\/\/zennihost.com\/test\/wp-json\/wp\/v2\/types\/post"}],"replies":[{"embeddable":true,"href":"https:\/\/zennihost.com\/test\/wp-json\/wp\/v2\/comments?post=46966"}],"version-history":[{"count":0,"href":"https:\/\/zennihost.com\/test\/wp-json\/wp\/v2\/posts\/46966\/revisions"}],"wp:attachment":[{"href":"https:\/\/zennihost.com\/test\/wp-json\/wp\/v2\/media?parent=46966"}],"wp:term":[{"taxonomy":"category","embeddable":true,"href":"https:\/\/zennihost.com\/test\/wp-json\/wp\/v2\/categories?post=46966"},{"taxonomy":"post_tag","embeddable":true,"href":"https:\/\/zennihost.com\/test\/wp-json\/wp\/v2\/tags?post=46966"}],"curies":[{"name":"wp","href":"https:\/\/api.w.org\/{rel}","templated":true}]}}