{"id":46965,"date":"2025-10-17T11:48:26","date_gmt":"2025-10-17T11:48:26","guid":{"rendered":"https:\/\/zennihost.com\/test\/2025\/10\/17\/shtyhet-seanca-per-ilir-meten-avokati-gjykatat-shqiptare-jane-te-kapura-do-e-cojme-ne-strasburg\/"},"modified":"2025-10-17T11:48:26","modified_gmt":"2025-10-17T11:48:26","slug":"shtyhet-seanca-per-ilir-meten-avokati-gjykatat-shqiptare-jane-te-kapura-do-e-cojme-ne-strasburg","status":"publish","type":"post","link":"https:\/\/zennihost.com\/test\/2025\/10\/17\/shtyhet-seanca-per-ilir-meten-avokati-gjykatat-shqiptare-jane-te-kapura-do-e-cojme-ne-strasburg\/","title":{"rendered":"Shtyhet seanca p\u00ebr Ilir Met\u00ebn, avokati: Gjykatat shqiptare jan\u00eb t\u00eb kapura! Do e \u00e7ojm\u00eb n\u00eb Strasburg"},"content":{"rendered":"<p>\u00cbsht\u00eb shtyr\u00eb seanca n\u00eb Apelin e Posa\u00e7\u00ebm p\u00ebr presidentin e Partis\u00eb s\u00eb Liris\u00eb, Ilir Meta, i cili k\u00ebrkoi ndryshim t\u00eb mas\u00ebs s\u00eb siguris\u00eb. M\u00ebsohet se seanca e radh\u00ebs do t\u00eb mbahet m\u00eb 23 tetor.<\/p>\n<p>Avokati Kujtim Cakrani deklaron se \u00e7\u00ebshtjen do ta d\u00ebrgoj\u00eb n\u00eb Strasburg. P\u00ebrfaq\u00ebsuesi ligjor i Met\u00ebs u shpreh se \u201cgjykatat shqiptare jan\u00eb t\u00eb kapura\u201d, dhe sipas tij, kjo \u00ebsht\u00eb arsyeja p\u00ebrse ish-Kreu i Shtetit nuk paraqitet n\u00eb seancat gjyq\u00ebsore ku k\u00ebrkon ndryshimin e mas\u00ebs s\u00eb siguris\u00eb.<\/p>\n<p><em>\u201cNe nuk presim nga gjykatat shqiptare, jan\u00eb t\u00eb kapura. Do e \u00e7ojm\u00eb n\u00eb Strasburg, kjo \u00ebsht\u00eb arsyeja pse Ilir Meta nuk paraqitet n\u00eb Gjykat\u00eb\u201d<\/em>, tha ai.<\/p>\n<p>Pyetjes n\u00ebse do e liroj\u00eb Met\u00ebn nga qelia brenda muajit, ashtu si\u00e7 deklaroi m\u00eb 1 Tetor,\u00a0iu p\u00ebrgjigj:\u00a0<em>\u201cUn\u00eb e di shum\u00eb mir\u00eb pse e mbajn\u00eb n\u00eb paraburgim. Jam n\u00eb betej\u00ebn time ligjore, jan\u00eb n\u00eb vijim\u00ebsi, arm\u00ebt e mia k\u00ebto jam. Duke besuar tek puna ime, besoj se Meta duhet t\u00eb lirohet. Pse Presidenti Meta duhet t\u00eb lihet n\u00eb paraburgim\u201d.<\/em><\/p>\n<p>The post <a href=\"https:\/\/gijotina.com\/shtyhet-seanca-per-ilir-meten-avokati-gjykatat-shqiptare-jane-te-kapura-do-e-cojme-ne-strasburg\/\">Shtyhet seanca p\u00ebr Ilir Met\u00ebn, avokati: Gjykatat shqiptare jan\u00eb t\u00eb kapura! Do e \u00e7ojm\u00eb n\u00eb Strasburg<\/a> appeared first on <a href=\"https:\/\/gijotina.com\/\">GIJOTINA<\/a>.<\/p>","protected":false},"excerpt":{"rendered":"<p>\u00cbsht\u00eb shtyr\u00eb seanca n\u00eb Apelin e Posa\u00e7\u00ebm p\u00ebr presidentin e Partis\u00eb s\u00eb Liris\u00eb, Ilir Meta, i cili k\u00ebrkoi ndryshim t\u00eb mas\u00ebs s\u00eb siguris\u00eb. M\u00ebsohet se seanca e radh\u00ebs do t\u00eb mbahet m\u00eb 23 tetor. Avokati Kujtim Cakrani deklaron se \u00e7\u00ebshtjen do ta d\u00ebrgoj\u00eb n\u00eb Strasburg. P\u00ebrfaq\u00ebsuesi ligjor i Met\u00ebs u shpreh se \u201cgjykatat shqiptare jan\u00eb [&hellip;]<\/p>\n","protected":false},"author":0,"featured_media":0,"comment_status":"open","ping_status":"open","sticky":false,"template":"","format":"standard","meta":{"footnotes":""},"categories":[1],"tags":[],"class_list":["post-46965","post","type-post","status-publish","format-standard","hentry","category-uncategorized"],"_links":{"self":[{"href":"https:\/\/zennihost.com\/test\/wp-json\/wp\/v2\/posts\/46965","targetHints":{"allow":["GET"]}}],"collection":[{"href":"https:\/\/zennihost.com\/test\/wp-json\/wp\/v2\/posts"}],"about":[{"href":"https:\/\/zennihost.com\/test\/wp-json\/wp\/v2\/types\/post"}],"replies":[{"embeddable":true,"href":"https:\/\/zennihost.com\/test\/wp-json\/wp\/v2\/comments?post=46965"}],"version-history":[{"count":0,"href":"https:\/\/zennihost.com\/test\/wp-json\/wp\/v2\/posts\/46965\/revisions"}],"wp:attachment":[{"href":"https:\/\/zennihost.com\/test\/wp-json\/wp\/v2\/media?parent=46965"}],"wp:term":[{"taxonomy":"category","embeddable":true,"href":"https:\/\/zennihost.com\/test\/wp-json\/wp\/v2\/categories?post=46965"},{"taxonomy":"post_tag","embeddable":true,"href":"https:\/\/zennihost.com\/test\/wp-json\/wp\/v2\/tags?post=46965"}],"curies":[{"name":"wp","href":"https:\/\/api.w.org\/{rel}","templated":true}]}}