{"id":46962,"date":"2025-10-17T11:48:25","date_gmt":"2025-10-17T11:48:25","guid":{"rendered":"https:\/\/zennihost.com\/test\/2025\/10\/17\/seanca-ne-gjkko-ndaj-plarent-dervishajt-thirret-te-deshmoje-babai-i-ervin-mates\/"},"modified":"2025-10-17T11:48:25","modified_gmt":"2025-10-17T11:48:25","slug":"seanca-ne-gjkko-ndaj-plarent-dervishajt-thirret-te-deshmoje-babai-i-ervin-mates","status":"publish","type":"post","link":"https:\/\/zennihost.com\/test\/2025\/10\/17\/seanca-ne-gjkko-ndaj-plarent-dervishajt-thirret-te-deshmoje-babai-i-ervin-mates\/","title":{"rendered":"Seanca n\u00eb GJKKO ndaj Plarent Dervishajt, thirret t\u00eb d\u00ebshmoj\u00eb babai i Ervin Mat\u00ebs"},"content":{"rendered":"<p>Ka p\u00ebrfunduar n\u00eb GJKKO seanca ndaj Plarent Dervishajt dhe Julian Me\u00e7ajt lidhur me faz\u00ebn e pyetjes s\u00eb d\u00ebshmitar\u00ebve t\u00eb thirrur nga SPAK ku k\u00ebt\u00eb t\u00eb premte u pyet\u00ebn 3 prej tyre p\u00ebrfshir\u00eb Vullnet Mu\u00e7\u00ebn, v\u00ebllain e Aleksans\u00ebr Lahos.<\/p>\n<p>N\u00eb seanc\u00ebn e ardhshme u p\u00ebrs\u00ebrit thirrja p\u00ebr disa d\u00ebshmitar\u00eb t\u00eb tjer\u00eb, mes t\u00eb cil\u00ebve Luan Mata, babai i Ervin Mat\u00ebs i cili \u00ebsht\u00eb shpallur n\u00eb k\u00ebrkim nd\u00ebrkomb\u00ebtar.<\/p>\n<p>Gjykata urdh\u00ebroi shoq\u00ebrimin e detyruesh\u00ebm t\u00eb biznesmenit Luan Mata pas nuk \u00ebsht\u00eb paraqitur gjat\u00eb thirrjeve t\u00eb deritanishme vullnetarisht.<\/p>\n<p>D\u00ebshmia e tij sipas SPAK, do t\u00eb merret lidhur me vendosjen e tritolin n\u00eb hotelin e tij n\u00eb rrug\u00ebn e \u201cDibr\u00ebs\u201d n\u00eb maj t\u00eb 2020. N\u00eb k\u00ebt\u00eb ngjarje u dyshua se ishin implikuar Ramazan Rraja, Plarent Dervishi dhe Julian Me\u00e7aj. Sipas SPAK, Dervishi dhe Me\u00e7aj akuzohen se i kan\u00eb dh\u00ebn\u00eb autor\u00ebve automjetin q\u00eb kan\u00eb p\u00ebrdorur Rraja p\u00ebr t\u00eb vendosur tritolin.<\/p>\n<p>The post <a href=\"https:\/\/gijotina.com\/seanca-ne-gjkko-ndaj-plarent-dervishajt-thirret-te-deshmoje-babai-i-ervin-mates\/\">Seanca n\u00eb GJKKO ndaj Plarent Dervishajt, thirret t\u00eb d\u00ebshmoj\u00eb babai i Ervin Mat\u00ebs<\/a> appeared first on <a href=\"https:\/\/gijotina.com\/\">GIJOTINA<\/a>.<\/p>","protected":false},"excerpt":{"rendered":"<p>Ka p\u00ebrfunduar n\u00eb GJKKO seanca ndaj Plarent Dervishajt dhe Julian Me\u00e7ajt lidhur me faz\u00ebn e pyetjes s\u00eb d\u00ebshmitar\u00ebve t\u00eb thirrur nga SPAK ku k\u00ebt\u00eb t\u00eb premte u pyet\u00ebn 3 prej tyre p\u00ebrfshir\u00eb Vullnet Mu\u00e7\u00ebn, v\u00ebllain e Aleksans\u00ebr Lahos. N\u00eb seanc\u00ebn e ardhshme u p\u00ebrs\u00ebrit thirrja p\u00ebr disa d\u00ebshmitar\u00eb t\u00eb tjer\u00eb, mes t\u00eb cil\u00ebve Luan Mata, [&hellip;]<\/p>\n","protected":false},"author":0,"featured_media":0,"comment_status":"open","ping_status":"open","sticky":false,"template":"","format":"standard","meta":{"footnotes":""},"categories":[1],"tags":[],"class_list":["post-46962","post","type-post","status-publish","format-standard","hentry","category-uncategorized"],"_links":{"self":[{"href":"https:\/\/zennihost.com\/test\/wp-json\/wp\/v2\/posts\/46962","targetHints":{"allow":["GET"]}}],"collection":[{"href":"https:\/\/zennihost.com\/test\/wp-json\/wp\/v2\/posts"}],"about":[{"href":"https:\/\/zennihost.com\/test\/wp-json\/wp\/v2\/types\/post"}],"replies":[{"embeddable":true,"href":"https:\/\/zennihost.com\/test\/wp-json\/wp\/v2\/comments?post=46962"}],"version-history":[{"count":0,"href":"https:\/\/zennihost.com\/test\/wp-json\/wp\/v2\/posts\/46962\/revisions"}],"wp:attachment":[{"href":"https:\/\/zennihost.com\/test\/wp-json\/wp\/v2\/media?parent=46962"}],"wp:term":[{"taxonomy":"category","embeddable":true,"href":"https:\/\/zennihost.com\/test\/wp-json\/wp\/v2\/categories?post=46962"},{"taxonomy":"post_tag","embeddable":true,"href":"https:\/\/zennihost.com\/test\/wp-json\/wp\/v2\/tags?post=46962"}],"curies":[{"name":"wp","href":"https:\/\/api.w.org\/{rel}","templated":true}]}}