{"id":46959,"date":"2025-10-17T10:10:44","date_gmt":"2025-10-17T10:10:44","guid":{"rendered":"https:\/\/zennihost.com\/test\/2025\/10\/17\/yamal-jo-me-autografe-mbi-fanellat-e-tifozeve-ka-marre-nje-oferte-qe-e-pengon\/"},"modified":"2025-10-17T10:10:44","modified_gmt":"2025-10-17T10:10:44","slug":"yamal-jo-me-autografe-mbi-fanellat-e-tifozeve-ka-marre-nje-oferte-qe-e-pengon","status":"publish","type":"post","link":"https:\/\/zennihost.com\/test\/2025\/10\/17\/yamal-jo-me-autografe-mbi-fanellat-e-tifozeve-ka-marre-nje-oferte-qe-e-pengon\/","title":{"rendered":"Yamal, jo m\u00eb autografe mbi fanellat e tifoz\u00ebve: ka marr\u00eb nj\u00eb ofert\u00eb q\u00eb e pengon"},"content":{"rendered":"<p>Lamine Yamal nuk do t\u00eb firmos\u00eb m\u00eb autografe mbi fanellat e tifoz\u00ebve t\u00eb Barcelon\u00ebs n\u00eb Ciutat Esportiva. Talenti nga Rocafonda, vet\u00ebm tet\u00ebmb\u00ebdhjet\u00eb vje\u00e7, \u00ebsht\u00eb tashm\u00eb b\u00ebr\u00eb nj\u00eb fenomen global: nj\u00eb nga ata emra q\u00eb tejkalojn\u00eb kufijt\u00eb e fush\u00ebs s\u00eb loj\u00ebs dhe kthehen n\u00eb nj\u00eb mark\u00eb.<\/p>\n<p>Pas vendimit, n\u00eb dukje t\u00eb \u00e7uditsh\u00ebm, p\u00ebr t\u00eb mos firmosur m\u00eb autografe, fshihet nj\u00eb arsye shum\u00eb e thjesht\u00eb: firma e tij sot vlen ar. Sipas burimeve pran\u00eb ambientit blaugrana, lojtari ka marr\u00eb nj\u00eb ofert\u00eb nga nj\u00eb kompani e specializuar n\u00eb shitjen e artikujve sportiv\u00eb me autograf.<\/p>\n<p>Marr\u00ebveshja \u2014 ende n\u00eb faz\u00eb p\u00ebrfundimtare \u2014 do t\u00eb parashikoj\u00eb tregtimin e produkteve t\u00eb firmosura nga Lamine, q\u00eb nga fanellat dhe k\u00ebpuc\u00ebt, e deri te artikujt ekskluziv\u00eb p\u00ebr koleksion. P\u00ebr k\u00ebt\u00eb arsye, ata q\u00eb merren me kontratat e tij reklamuese i kan\u00eb k\u00ebrkuar t\u00eb kufizoj\u00eb firmat spontane p\u00ebr tifoz\u00ebt, n\u00eb m\u00ebnyr\u00eb q\u00eb t\u00eb ruhet vlera e tyre. Lajmin e ka raportuar Mundo Deportivo, i cili nuk p\u00ebrmend shum\u00ebn e sakt\u00eb, por flet p\u00ebr nj\u00eb ofert\u00eb q\u00eb nuk mund t\u00eb refuzohej.<\/p>\n<h4>Lamine Yamal nuk do t\u00eb firmos\u00eb m\u00eb autografe<\/h4>\n<p>Me tifoz\u00ebt do t\u00eb vazhdoj\u00eb t\u00eb b\u00ebj\u00eb foto dhe t\u00eb buz\u00ebqesh\u00eb, por jo m\u00eb autografe t\u00eb rast\u00ebsishme jasht\u00eb qendr\u00ebs sportive. Nj\u00eb vendim q\u00eb vet\u00eb Lamine e ka komunikuar me natyrshm\u00ebri, duke gjetur mir\u00ebkuptim edhe nga ana e Barcelon\u00ebs. Klubi, p\u00ebrkundrazi, po punon tashm\u00eb p\u00ebr t\u00eb siguruar nj\u00eb num\u00ebr autografesh zyrtare q\u00eb do t\u00eb p\u00ebrdoren p\u00ebr eventet dhe partner\u00ebt e vet komercial\u00eb.<\/p>\n<p>Modeli \u00ebsht\u00eb ai i yllit t\u00eb madh amerikan: sa m\u00eb pak firma t\u00eb ket\u00eb n\u00eb qarkullim, aq m\u00eb e madhe b\u00ebhet vlera e tyre. Si\u00e7 p\u00ebrmendet n\u00eb klub, LeBron James \u00ebsht\u00eb shembulli m\u00eb i qart\u00eb. Dhe Bar\u00e7a, e vet\u00ebdijshme p\u00ebr dimensionin global t\u00eb talentit t\u00eb saj, nuk i ka v\u00ebn\u00eb pengesa.<\/p>\n<p><strong>Lexo m\u00eb tej:\u00a0<\/strong><a href=\"https:\/\/lapsi.al\/2025\/10\/13\/familja-e-lamine-yamal-merr-trajtim-te-vecante-nga-barcelona-cfare-u-eshte-lejuar\/\">Familja e Lamine Yamal merr trajtim t\u00eb ve\u00e7ant\u00eb nga Barcelona: \u00e7far\u00eb u \u00ebsht\u00eb lejuar<\/a><\/p>\n<p>Sepse Lamine Yamal nuk \u00ebsht\u00eb vet\u00ebm nj\u00eb futbollist. Ai \u00ebsht\u00eb tashm\u00eb nj\u00eb mark\u00eb q\u00eb flet gjuh\u00ebn globale t\u00eb Adidas, Beats, Powerade, Oppo, Konami dhe madje edhe Nesquik. \u00cbsht\u00eb ambasador i UNICEF-it, simbol i nj\u00eb futbolli t\u00eb ri, t\u00eb sjellsh\u00ebm dhe bot\u00ebror. Dhe, n\u00eb nj\u00eb epok\u00eb ku \u00e7do gj\u00eb mund t\u00eb kthehet n\u00eb biznes, edhe nj\u00eb autograf pushon s\u00eb qeni nj\u00eb gjest i thjesht\u00eb dhe b\u00ebhet strategji.<\/p>\n<p>The post <a href=\"https:\/\/lapsi.al\/2025\/10\/17\/yamal-jo-me-autografe-mbi-fanellat-e-tifozeve-ka-marre-nje-oferte-qe-e-pengon\/\">Yamal, jo m\u00eb autografe mbi fanellat e tifoz\u00ebve: ka marr\u00eb nj\u00eb ofert\u00eb q\u00eb e pengon<\/a> appeared first on <a href=\"https:\/\/lapsi.al\/\">Lapsi.al<\/a>.<\/p>","protected":false},"excerpt":{"rendered":"<p>Lamine Yamal nuk do t\u00eb firmos\u00eb m\u00eb autografe mbi fanellat e tifoz\u00ebve t\u00eb Barcelon\u00ebs n\u00eb Ciutat Esportiva. Talenti nga Rocafonda, vet\u00ebm tet\u00ebmb\u00ebdhjet\u00eb vje\u00e7, \u00ebsht\u00eb tashm\u00eb b\u00ebr\u00eb nj\u00eb fenomen global: nj\u00eb nga ata emra q\u00eb tejkalojn\u00eb kufijt\u00eb e fush\u00ebs s\u00eb loj\u00ebs dhe kthehen n\u00eb nj\u00eb mark\u00eb. Pas vendimit, n\u00eb dukje t\u00eb \u00e7uditsh\u00ebm, p\u00ebr t\u00eb mos firmosur [&hellip;]<\/p>\n","protected":false},"author":0,"featured_media":0,"comment_status":"open","ping_status":"open","sticky":false,"template":"","format":"standard","meta":{"footnotes":""},"categories":[1],"tags":[],"class_list":["post-46959","post","type-post","status-publish","format-standard","hentry","category-uncategorized"],"_links":{"self":[{"href":"https:\/\/zennihost.com\/test\/wp-json\/wp\/v2\/posts\/46959","targetHints":{"allow":["GET"]}}],"collection":[{"href":"https:\/\/zennihost.com\/test\/wp-json\/wp\/v2\/posts"}],"about":[{"href":"https:\/\/zennihost.com\/test\/wp-json\/wp\/v2\/types\/post"}],"replies":[{"embeddable":true,"href":"https:\/\/zennihost.com\/test\/wp-json\/wp\/v2\/comments?post=46959"}],"version-history":[{"count":0,"href":"https:\/\/zennihost.com\/test\/wp-json\/wp\/v2\/posts\/46959\/revisions"}],"wp:attachment":[{"href":"https:\/\/zennihost.com\/test\/wp-json\/wp\/v2\/media?parent=46959"}],"wp:term":[{"taxonomy":"category","embeddable":true,"href":"https:\/\/zennihost.com\/test\/wp-json\/wp\/v2\/categories?post=46959"},{"taxonomy":"post_tag","embeddable":true,"href":"https:\/\/zennihost.com\/test\/wp-json\/wp\/v2\/tags?post=46959"}],"curies":[{"name":"wp","href":"https:\/\/api.w.org\/{rel}","templated":true}]}}