{"id":46957,"date":"2025-10-17T10:36:21","date_gmt":"2025-10-17T10:36:21","guid":{"rendered":"https:\/\/zennihost.com\/test\/2025\/10\/17\/atentati-ndaj-arjan-ndojes-mecaj-dhe-dervishaj-shperthejne-ne-seance\/"},"modified":"2025-10-17T10:36:21","modified_gmt":"2025-10-17T10:36:21","slug":"atentati-ndaj-arjan-ndojes-mecaj-dhe-dervishaj-shperthejne-ne-seance","status":"publish","type":"post","link":"https:\/\/zennihost.com\/test\/2025\/10\/17\/atentati-ndaj-arjan-ndojes-mecaj-dhe-dervishaj-shperthejne-ne-seance\/","title":{"rendered":"Atentati ndaj Arjan Ndoj\u00ebs, Me\u00e7aj dhe Dervishaj \u201cshp\u00ebrthejn\u00eb\u201d n\u00eb seanc\u00eb"},"content":{"rendered":"<p>Vijon n\u00eb GJKKO seanca p\u00ebr atentatin ndaj ish-prokurorit Arjan Ndoj n\u00eb mbikalimin e Shkozetit, ku u plagos Aleksand\u00ebr Laho i njohur si \u201cRrumi\u201d dhe humbi jet\u00ebn shoferi Andi Maloku.<\/p>\n<p>Dy t\u00eb akuzuarit Julian Me\u00e7aj dhe Plarent Dervishaj kan\u00eb deklaruar se po u shkelet e drejta e nj\u00eb procesi t\u00eb rregullt ligjor.<\/p>\n<p>\u201cJu k\u00ebrkoni t\u00eb na d\u00ebnoni apo t\u00eb zbardhni ngjarjen. Po d\u00ebnohet vet\u00ebm nj\u00eb pale, nd\u00ebrsa pala tjet\u00ebr \u00ebsht\u00eb e lir\u00eb, k\u00ebtu nuk \u00ebsht\u00eb cil\u00ebsuar ende kush ka qen\u00eb sh\u00ebnjest\u00ebr. P\u00ebr ngjarjen time t\u00eb qershorit, un\u00eb e quaj fat qe ne kemi qene n\u00eb at\u00eb makine kemi shp\u00ebtuar sepse kam pasur dhe makin\u00ebn e djalit. Mua m\u00eb ndihmoj zoti nd\u00ebrsa Andi Malokun se ndihmoi. Nuk po k\u00ebrkoj m\u00ebshire nga ju n\u00eb lidhje me k\u00ebt\u00eb \u00e7\u00ebshtje, na d\u00ebnoni p\u00ebr at\u00eb q\u00eb kemi n\u00eb kurriz jo p\u00ebr ato q\u00eb si kemi\u201d, tha Plaurent Dervishaj.<br \/>\nNd\u00ebrkoh\u00eb Julian Me\u00e7aj pretendon se asnj\u00eb prej d\u00ebshmitar\u00ebve nuk ka njohje me t\u00eb.<\/p>\n<p>\u201cKan\u00eb ardhur t\u00eb gjith\u00eb k\u00ebta d\u00ebshmitar\u00eb kur asnj\u00ebri prej tyre as me njeh dhe as i njoh, un\u00eb tani s\u2019po di t\u00eb mbroj vet\u00ebn time. Nuk ka logjik\u00eb e gjitha, k\u00ebtu shkelet parimi i procesit t\u00eb drejt\u00eb ligjore. c, un\u00eb s\u2019e kuptoj p\u00ebr \u00e7far\u00eb vijn\u00eb\u201d, tha ai.<\/p>\n<p>The post <a href=\"https:\/\/lapsi.al\/2025\/10\/17\/atentati-ndaj-arjan-ndojes-mecaj-dhe-dervishaj-shperthejne-ne-seance\/\">Atentati ndaj Arjan Ndoj\u00ebs, Me\u00e7aj dhe Dervishaj \u201cshp\u00ebrthejn\u00eb\u201d n\u00eb seanc\u00eb<\/a> appeared first on <a href=\"https:\/\/lapsi.al\/\">Lapsi.al<\/a>.<\/p>","protected":false},"excerpt":{"rendered":"<p>Vijon n\u00eb GJKKO seanca p\u00ebr atentatin ndaj ish-prokurorit Arjan Ndoj n\u00eb mbikalimin e Shkozetit, ku u plagos Aleksand\u00ebr Laho i njohur si \u201cRrumi\u201d dhe humbi jet\u00ebn shoferi Andi Maloku. Dy t\u00eb akuzuarit Julian Me\u00e7aj dhe Plarent Dervishaj kan\u00eb deklaruar se po u shkelet e drejta e nj\u00eb procesi t\u00eb rregullt ligjor. \u201cJu k\u00ebrkoni t\u00eb na [&hellip;]<\/p>\n","protected":false},"author":0,"featured_media":0,"comment_status":"open","ping_status":"open","sticky":false,"template":"","format":"standard","meta":{"footnotes":""},"categories":[1],"tags":[],"class_list":["post-46957","post","type-post","status-publish","format-standard","hentry","category-uncategorized"],"_links":{"self":[{"href":"https:\/\/zennihost.com\/test\/wp-json\/wp\/v2\/posts\/46957","targetHints":{"allow":["GET"]}}],"collection":[{"href":"https:\/\/zennihost.com\/test\/wp-json\/wp\/v2\/posts"}],"about":[{"href":"https:\/\/zennihost.com\/test\/wp-json\/wp\/v2\/types\/post"}],"replies":[{"embeddable":true,"href":"https:\/\/zennihost.com\/test\/wp-json\/wp\/v2\/comments?post=46957"}],"version-history":[{"count":0,"href":"https:\/\/zennihost.com\/test\/wp-json\/wp\/v2\/posts\/46957\/revisions"}],"wp:attachment":[{"href":"https:\/\/zennihost.com\/test\/wp-json\/wp\/v2\/media?parent=46957"}],"wp:term":[{"taxonomy":"category","embeddable":true,"href":"https:\/\/zennihost.com\/test\/wp-json\/wp\/v2\/categories?post=46957"},{"taxonomy":"post_tag","embeddable":true,"href":"https:\/\/zennihost.com\/test\/wp-json\/wp\/v2\/tags?post=46957"}],"curies":[{"name":"wp","href":"https:\/\/api.w.org\/{rel}","templated":true}]}}