{"id":46955,"date":"2025-10-17T10:48:20","date_gmt":"2025-10-17T10:48:20","guid":{"rendered":"https:\/\/zennihost.com\/test\/2025\/10\/17\/ylli-manjani-mortja-e-disa-personave-si-dick-marty-eshte-shpetim-ai-futi-helmin-mashtrues-antishqiptar-ne-axhendat-perendimore\/"},"modified":"2025-10-17T10:48:20","modified_gmt":"2025-10-17T10:48:20","slug":"ylli-manjani-mortja-e-disa-personave-si-dick-marty-eshte-shpetim-ai-futi-helmin-mashtrues-antishqiptar-ne-axhendat-perendimore","status":"publish","type":"post","link":"https:\/\/zennihost.com\/test\/2025\/10\/17\/ylli-manjani-mortja-e-disa-personave-si-dick-marty-eshte-shpetim-ai-futi-helmin-mashtrues-antishqiptar-ne-axhendat-perendimore\/","title":{"rendered":"Ylli Manjani: Mortja e disa personave si Dick Marty \u00ebsht\u00eb shp\u00ebtim, ai futi helmin mashtrues antishqiptar n\u00eb axhendat per\u00ebndimore"},"content":{"rendered":"<p>Ylli Manjani ka reaguar p\u00ebr debatin e fundit, mbi Gjykat\u00ebn Speciale dhe protestat pro U\u00c7K-s\u00eb.<\/p>\n<p>\u201cMortja e disa personave \u00ebsht\u00eb shp\u00ebtim p\u00ebr t\u00eb gjall\u00ebt.<\/p>\n<p>Nj\u00eb nga k\u00ebto raste, nga i cili ve\u00e7an\u00ebrisht bota shqiptare ka shp\u00ebtuar me vdekjen e tij, \u00ebsht\u00eb Dick Marty.<\/p>\n<p>Asnj\u00ebri nga 9 rrath\u00ebt e ferrit t\u00eb Dantes nuk e nx\u00eb. Duhet shpikur nj\u00eb rreth extra.<\/p>\n<p>Nj\u00eb ngat\u00ebrrestar, dallaveraxhi, zhumues e mashtrues n\u00eb d\u00ebm t\u00eb shqiptar\u00ebve si ai nuk kishim par\u00eb k\u00ebto vitet e fundit, n\u00eb koh\u00eb paqe kuptohet.<\/p>\n<p>Ai futi helmin mashtrues antishqiptar n\u00eb axhendat per\u00ebndimore. K\u00ebto t\u00eb fundit imponuan gjykata t\u00eb tipit N\u00fcremberg.<\/p>\n<p>N\u00eb fakt, Gjykata Speciale q\u00eb iu imponua Kosov\u00ebs \u00ebsht\u00eb m\u00eb e keqe se  Nurembergu, sepse ky i fundit d\u00ebnoi hitlerian\u00ebt, jo hebrenjt\u00eb\u2026<\/p>\n<p>Gjykata Speciale \u00ebsht\u00eb fatkeqsi institucionale mbi dh\u00e9. Nj\u00eb forum plot me Dick Martsa, q\u00eb  jan\u00eb t\u00eb karikuar me mllef antishqiptar. Nj\u00eb gjykat\u00eb q\u00eb s\u2019ka lidhje me pro\u00e7esin e rregullt ligjor. Me t\u00eb v\u00ebrtet\u00ebn jo e jo.<\/p>\n<p>Ndoshta Kosova duhet ta abrogoj\u00eb at\u00eb ligj q\u00eb \u00e7on qytetar\u00ebt e saj n\u00eb skrutinitet anti shqiptar.<\/p>\n<p>Padyshin Republika e Shqip\u00ebris\u00eb duhet t\u00eb b\u00ebj\u00eb m\u00eb shum\u00eb q\u00eb t\u00eb delegjitimoj\u00eb sa me shpejt at\u00eb pro\u00e7es antinjer\u00ebzor e antikonvent\u00eb. I gjith\u00eb shteti shqiptar duhet t\u00eb vihet n\u00eb l\u00ebvizje. T\u00eb gjith\u00eb politikan\u00ebt q\u00eb kan\u00eb lobist\u00eb personal\u00eb, le t\u2019i p\u00ebrdorin p\u00ebr k\u00ebt\u00eb rast se i b\u00ebjn\u00eb sh\u00ebrbim kombit.<\/p>\n<p>Kjo nuk \u00ebsht\u00eb \u00e7\u00ebshtje p\u00eblqyeshm\u00ebrie apo jo p\u00ebr personat q\u00eb jan\u00eb n\u00ebn akuza aty, por \u00ebsht\u00eb \u00e7\u00ebshtje dinjiteti komb\u00ebtar.<\/p>\n<p>Po jam p\u00ebr protest\u00ebn e sotme dhe p\u00ebr protesta pa ndalim deri n\u00eb triumf t\u00eb llogjik\u00ebs, t\u00eb t\u00eb drejt\u00ebs, t\u00eb v\u00ebrtet\u00ebs\u201d, shkruan Manjani.<\/p>\n<p>The post <a href=\"https:\/\/lexo.al\/2025\/10\/ylli-manjani-mortja-e-disa-personave-si-dick-marty-eshte-shpetim-ai-futi-helmin-mashtrues-antishqiptar-ne-axhendat-perendimore\/\">Ylli Manjani: Mortja e disa personave si Dick Marty \u00ebsht\u00eb shp\u00ebtim, ai futi helmin mashtrues antishqiptar n\u00eb axhendat per\u00ebndimore<\/a> appeared first on <a href=\"https:\/\/lexo.al\/\">www.lexo.al<\/a>.<\/p>","protected":false},"excerpt":{"rendered":"<p>Ylli Manjani ka reaguar p\u00ebr debatin e fundit, mbi Gjykat\u00ebn Speciale dhe protestat pro U\u00c7K-s\u00eb. \u201cMortja e disa personave \u00ebsht\u00eb shp\u00ebtim p\u00ebr t\u00eb gjall\u00ebt. Nj\u00eb nga k\u00ebto raste, nga i cili ve\u00e7an\u00ebrisht bota shqiptare ka shp\u00ebtuar me vdekjen e tij, \u00ebsht\u00eb Dick Marty. Asnj\u00ebri nga 9 rrath\u00ebt e ferrit t\u00eb Dantes nuk e nx\u00eb. Duhet [&hellip;]<\/p>\n","protected":false},"author":0,"featured_media":0,"comment_status":"open","ping_status":"open","sticky":false,"template":"","format":"standard","meta":{"footnotes":""},"categories":[1],"tags":[],"class_list":["post-46955","post","type-post","status-publish","format-standard","hentry","category-uncategorized"],"_links":{"self":[{"href":"https:\/\/zennihost.com\/test\/wp-json\/wp\/v2\/posts\/46955","targetHints":{"allow":["GET"]}}],"collection":[{"href":"https:\/\/zennihost.com\/test\/wp-json\/wp\/v2\/posts"}],"about":[{"href":"https:\/\/zennihost.com\/test\/wp-json\/wp\/v2\/types\/post"}],"replies":[{"embeddable":true,"href":"https:\/\/zennihost.com\/test\/wp-json\/wp\/v2\/comments?post=46955"}],"version-history":[{"count":0,"href":"https:\/\/zennihost.com\/test\/wp-json\/wp\/v2\/posts\/46955\/revisions"}],"wp:attachment":[{"href":"https:\/\/zennihost.com\/test\/wp-json\/wp\/v2\/media?parent=46955"}],"wp:term":[{"taxonomy":"category","embeddable":true,"href":"https:\/\/zennihost.com\/test\/wp-json\/wp\/v2\/categories?post=46955"},{"taxonomy":"post_tag","embeddable":true,"href":"https:\/\/zennihost.com\/test\/wp-json\/wp\/v2\/tags?post=46955"}],"curies":[{"name":"wp","href":"https:\/\/api.w.org\/{rel}","templated":true}]}}