{"id":46954,"date":"2025-10-17T10:48:20","date_gmt":"2025-10-17T10:48:20","guid":{"rendered":"https:\/\/zennihost.com\/test\/2025\/10\/17\/plani-i-rritjes-i-be-se-ke-fonde-te-reja-per-shqiperine-maqedonine-e-veriut-dhe-malin-e-zi-ja-sa-perfiton-vendi-yne\/"},"modified":"2025-10-17T10:48:20","modified_gmt":"2025-10-17T10:48:20","slug":"plani-i-rritjes-i-be-se-ke-fonde-te-reja-per-shqiperine-maqedonine-e-veriut-dhe-malin-e-zi-ja-sa-perfiton-vendi-yne","status":"publish","type":"post","link":"https:\/\/zennihost.com\/test\/2025\/10\/17\/plani-i-rritjes-i-be-se-ke-fonde-te-reja-per-shqiperine-maqedonine-e-veriut-dhe-malin-e-zi-ja-sa-perfiton-vendi-yne\/","title":{"rendered":"Plani i Rritjes i BE-s\u00eb\/ KE fonde t\u00eb reja p\u00ebr Shqip\u00ebrin\u00eb, Maqedonin\u00eb e Veriut dhe Malin e Zi, ja sa p\u00ebrfiton vendi yn\u00eb"},"content":{"rendered":"<p>Komisioni Europian ka l\u00ebshuar fonde p\u00ebr Shqip\u00ebrin\u00eb, Malin e Zi dhe Maqedonin\u00eb e Veriut si pjes\u00eb e Planit t\u00eb Rritjes s\u00eb BE-s\u00eb p\u00ebr Ballkanin Per\u00ebndimor. Ky vendim njeh reformat e r\u00ebnd\u00ebsishme q\u00eb partner\u00ebt kan\u00eb nd\u00ebrmarr\u00eb p\u00ebr t\u2019u p\u00ebrafruar m\u00eb shum\u00eb me standardet e Bashkimit Europian.<\/p>\n<p>Shqip\u00ebria do t\u00eb marr\u00eb disbursimin e saj t\u00eb par\u00eb prej 99.3 milion\u00eb eurosh, nga t\u00eb cilat 46.2 milion\u00eb euro do t\u00eb derdhen drejtp\u00ebrdrejt n\u00eb buxhetin e shtetit, nd\u00ebrsa pjesa tjet\u00ebr do t\u00eb mb\u00ebshtes\u00eb projektet infrastrukturore p\u00ebrmes Korniz\u00ebs s\u00eb Investimeve p\u00ebr Ballkanin Per\u00ebndimor (WBIF).<\/p>\n<p>Mali i Zi do t\u00eb marr\u00eb disbursimin e tij t\u00eb dyt\u00eb prej 8.1 milion\u00eb eurosh, p\u00ebrfshir\u00eb 3.8 milion\u00eb euro q\u00eb do t\u00eb derdhen direkt n\u00eb buxhetin e shtetit, nd\u00ebrsa pjesa tjet\u00ebr do t\u00eb p\u00ebrdoret p\u00ebr projekte infrastrukturore p\u00ebrmes WBIF.<br \/>\nMaqedonia e Veriut do t\u00eb marr\u00eb disbursimin e dyt\u00eb prej 16 milion\u00eb eurosh, nga t\u00eb cilat 7.4 milion\u00eb euro do t\u00eb shkojn\u00eb drejtp\u00ebrdrejt n\u00eb buxhetin e shtetit dhe pjesa tjet\u00ebr do t\u00eb financoj\u00eb projektet infrastrukturore p\u00ebrmes WBIF.<\/p>\n<p>Pas miratimit nga Bordi i WBIF, k\u00ebto fonde do t\u00eb mb\u00ebshtesin projektet infrastrukturore n\u00eb fusha si transporti i q\u00ebndruesh\u00ebm, energjia e past\u00ebr, zhvillimi dixhital dhe kapitali njer\u00ebzor, n\u00eb bashk\u00ebpunim t\u00eb ngusht\u00eb me partner\u00ebt e Ballkanit Per\u00ebndimor dhe institucionet financiare nd\u00ebrkomb\u00ebtare.<\/p>\n<p>The post <a href=\"https:\/\/lexo.al\/2025\/10\/plani-i-rritjes-i-be-se-ke-fonde-te-reja-per-shqiperine-maqedonine-e-veriut-dhe-malin-e-zi-ja-sa-perfiton-vendi-yne\/\">Plani i Rritjes i BE-s\u00eb\/ KE fonde t\u00eb reja p\u00ebr Shqip\u00ebrin\u00eb, Maqedonin\u00eb e Veriut dhe Malin e Zi, ja sa p\u00ebrfiton vendi yn\u00eb<\/a> appeared first on <a href=\"https:\/\/lexo.al\/\">www.lexo.al<\/a>.<\/p>","protected":false},"excerpt":{"rendered":"<p>Komisioni Europian ka l\u00ebshuar fonde p\u00ebr Shqip\u00ebrin\u00eb, Malin e Zi dhe Maqedonin\u00eb e Veriut si pjes\u00eb e Planit t\u00eb Rritjes s\u00eb BE-s\u00eb p\u00ebr Ballkanin Per\u00ebndimor. Ky vendim njeh reformat e r\u00ebnd\u00ebsishme q\u00eb partner\u00ebt kan\u00eb nd\u00ebrmarr\u00eb p\u00ebr t\u2019u p\u00ebrafruar m\u00eb shum\u00eb me standardet e Bashkimit Europian. Shqip\u00ebria do t\u00eb marr\u00eb disbursimin e saj t\u00eb par\u00eb prej [&hellip;]<\/p>\n","protected":false},"author":0,"featured_media":0,"comment_status":"open","ping_status":"open","sticky":false,"template":"","format":"standard","meta":{"footnotes":""},"categories":[1],"tags":[],"class_list":["post-46954","post","type-post","status-publish","format-standard","hentry","category-uncategorized"],"_links":{"self":[{"href":"https:\/\/zennihost.com\/test\/wp-json\/wp\/v2\/posts\/46954","targetHints":{"allow":["GET"]}}],"collection":[{"href":"https:\/\/zennihost.com\/test\/wp-json\/wp\/v2\/posts"}],"about":[{"href":"https:\/\/zennihost.com\/test\/wp-json\/wp\/v2\/types\/post"}],"replies":[{"embeddable":true,"href":"https:\/\/zennihost.com\/test\/wp-json\/wp\/v2\/comments?post=46954"}],"version-history":[{"count":0,"href":"https:\/\/zennihost.com\/test\/wp-json\/wp\/v2\/posts\/46954\/revisions"}],"wp:attachment":[{"href":"https:\/\/zennihost.com\/test\/wp-json\/wp\/v2\/media?parent=46954"}],"wp:term":[{"taxonomy":"category","embeddable":true,"href":"https:\/\/zennihost.com\/test\/wp-json\/wp\/v2\/categories?post=46954"},{"taxonomy":"post_tag","embeddable":true,"href":"https:\/\/zennihost.com\/test\/wp-json\/wp\/v2\/tags?post=46954"}],"curies":[{"name":"wp","href":"https:\/\/api.w.org\/{rel}","templated":true}]}}