{"id":46953,"date":"2025-10-17T10:48:20","date_gmt":"2025-10-17T10:48:20","guid":{"rendered":"https:\/\/zennihost.com\/test\/2025\/10\/17\/uck-ja-ben-krenar-cdo-shqiptar-begaj-pret-ali-ahmetin-tubimi-krah-veteraneve-ne-tirane-deshmon-mbeshtetje-unanime\/"},"modified":"2025-10-17T10:48:20","modified_gmt":"2025-10-17T10:48:20","slug":"uck-ja-ben-krenar-cdo-shqiptar-begaj-pret-ali-ahmetin-tubimi-krah-veteraneve-ne-tirane-deshmon-mbeshtetje-unanime","status":"publish","type":"post","link":"https:\/\/zennihost.com\/test\/2025\/10\/17\/uck-ja-ben-krenar-cdo-shqiptar-begaj-pret-ali-ahmetin-tubimi-krah-veteraneve-ne-tirane-deshmon-mbeshtetje-unanime\/","title":{"rendered":"\u201cU\u00c7K-ja b\u00ebn krenar \u00e7do shqiptar\u201d, Begaj pret Ali Ahmetin: Tubimi krah veteran\u00ebve n\u00eb Tiran\u00eb d\u00ebshmon mb\u00ebshtetje unanime"},"content":{"rendered":"<p>Presidenti i Republik\u00ebs, Bajram Begaj, priti sot n\u00eb nj\u00eb takim Ali Ahmeti, i cili ndodhet n\u00eb Tiran\u00eb p\u00ebr t\u00eb marr\u00eb pjes\u00eb n\u00eb protest\u00ebn e Organizat\u00ebs s\u00eb Veteran\u00ebve t\u00eb Luft\u00ebs s\u00eb Ushtris\u00eb \u00c7lirimtare t\u00eb Kosov\u00ebs.<\/p>\n<p>Kreu i Shtetut vler\u00ebsoi rolin e Ahmetit si nj\u00eb nd\u00ebr themeluesit e U\u00c7K-s\u00eb, nd\u00ebrsa theksoi se tubimi i sot\u00ebm krah veteran\u00ebve n\u00eb Tiran\u00eb d\u00ebshmon mb\u00ebshtetjen unanime t\u00eb shqiptar\u00ebve ndaj luft\u00ebs s\u00eb drejt\u00eb p\u00ebr \u00e7lirimin e Kosov\u00ebs.<\/p>\n<p>\u201cU\u00c7K-ja b\u00ebn krenar \u00e7do shqiptar. Ajo \u00ebsht\u00eb pjes\u00eb thelb\u00ebsore e historis\u00eb son\u00eb, sepse b\u00ebri nj\u00eb luft\u00eb t\u00eb drejt\u00eb ndaj padrejt\u00ebsis\u00eb shekullore\u201d, \u2013 vler\u00ebsoi Presidenti Begaj, i cili theksoi se U\u00c7K-ja ka pasur gjithmon\u00eb mb\u00ebshtetjen e aleat\u00ebve tan\u00eb, pasi ka qen\u00eb nj\u00eb organiz\u00ebm \u00e7lirues dhe jo okupues.<\/p>\n<p>Gjat\u00eb bised\u00ebs me kreun e BDI-s\u00eb Ali Ahmeti u diskutua edhe p\u00ebr faktorin shqiptar n\u00eb rajon. Presidenti Begaj u shpreh p\u00ebr bashk\u00ebpunimin mes nj\u00ebri-tjetrit dhe unitetin p\u00ebr \u00e7\u00ebshtjet q\u00eb lidhen me identitetin komb\u00ebtar, paqen, sigurin\u00eb dhe prosperitetin e Ballkanit Per\u00ebndimor dhe integrimin Euroatlantik t\u00eb tij.<\/p>\n<p>Kreu i Shtetit garantoi mb\u00ebshtetjen e Shqip\u00ebris\u00eb ndaj faktorit politik shqiptar n\u00eb rajon dhe p\u00ebrpjekjeve p\u00ebr t\u00eb siguruar ndaj qytetar\u00ebve nj\u00eb jetes\u00eb sa m\u00eb t\u00eb mir\u00eb.<\/p>\n<p>The post <a href=\"https:\/\/lexo.al\/2025\/10\/uck-ja-ben-krenar-cdo-shqiptar-begaj-pret-ali-ahmetin-tubimi-krah-veteraneve-ne-tirane-deshmon-mbeshtetje-unanime\/\">\u201cU\u00c7K-ja b\u00ebn krenar \u00e7do shqiptar\u201d, Begaj pret Ali Ahmetin: Tubimi krah veteran\u00ebve n\u00eb Tiran\u00eb d\u00ebshmon mb\u00ebshtetje unanime<\/a> appeared first on <a href=\"https:\/\/lexo.al\/\">www.lexo.al<\/a>.<\/p>","protected":false},"excerpt":{"rendered":"<p>Presidenti i Republik\u00ebs, Bajram Begaj, priti sot n\u00eb nj\u00eb takim Ali Ahmeti, i cili ndodhet n\u00eb Tiran\u00eb p\u00ebr t\u00eb marr\u00eb pjes\u00eb n\u00eb protest\u00ebn e Organizat\u00ebs s\u00eb Veteran\u00ebve t\u00eb Luft\u00ebs s\u00eb Ushtris\u00eb \u00c7lirimtare t\u00eb Kosov\u00ebs. Kreu i Shtetut vler\u00ebsoi rolin e Ahmetit si nj\u00eb nd\u00ebr themeluesit e U\u00c7K-s\u00eb, nd\u00ebrsa theksoi se tubimi i sot\u00ebm krah veteran\u00ebve [&hellip;]<\/p>\n","protected":false},"author":0,"featured_media":0,"comment_status":"open","ping_status":"open","sticky":false,"template":"","format":"standard","meta":{"footnotes":""},"categories":[1],"tags":[],"class_list":["post-46953","post","type-post","status-publish","format-standard","hentry","category-uncategorized"],"_links":{"self":[{"href":"https:\/\/zennihost.com\/test\/wp-json\/wp\/v2\/posts\/46953","targetHints":{"allow":["GET"]}}],"collection":[{"href":"https:\/\/zennihost.com\/test\/wp-json\/wp\/v2\/posts"}],"about":[{"href":"https:\/\/zennihost.com\/test\/wp-json\/wp\/v2\/types\/post"}],"replies":[{"embeddable":true,"href":"https:\/\/zennihost.com\/test\/wp-json\/wp\/v2\/comments?post=46953"}],"version-history":[{"count":0,"href":"https:\/\/zennihost.com\/test\/wp-json\/wp\/v2\/posts\/46953\/revisions"}],"wp:attachment":[{"href":"https:\/\/zennihost.com\/test\/wp-json\/wp\/v2\/media?parent=46953"}],"wp:term":[{"taxonomy":"category","embeddable":true,"href":"https:\/\/zennihost.com\/test\/wp-json\/wp\/v2\/categories?post=46953"},{"taxonomy":"post_tag","embeddable":true,"href":"https:\/\/zennihost.com\/test\/wp-json\/wp\/v2\/tags?post=46953"}],"curies":[{"name":"wp","href":"https:\/\/api.w.org\/{rel}","templated":true}]}}