{"id":46952,"date":"2025-10-17T10:48:20","date_gmt":"2025-10-17T10:48:20","guid":{"rendered":"https:\/\/zennihost.com\/test\/2025\/10\/17\/pse-albin-kurti-sulmon-shqiperine-me-shepsh-sesa-serbine-apo-rusine\/"},"modified":"2025-10-17T10:48:20","modified_gmt":"2025-10-17T10:48:20","slug":"pse-albin-kurti-sulmon-shqiperine-me-shepsh-sesa-serbine-apo-rusine","status":"publish","type":"post","link":"https:\/\/zennihost.com\/test\/2025\/10\/17\/pse-albin-kurti-sulmon-shqiperine-me-shepsh-sesa-serbine-apo-rusine\/","title":{"rendered":"Pse Albin Kurti sulmon Shqip\u00ebrin\u00eb m\u00eb shepsh sesa Serbin\u00eb apo Rusin\u00eb?"},"content":{"rendered":"<p>Nga Kreshnik Spahiu<\/p>\n<p>Politika t\u00eb err\u00ebson logjik\u00ebn dhe arsyetimin.<br \/>\nSipas disa idiot\u00ebve, n\u00ebse ke qen\u00eb pro krijimit t\u00eb nj\u00eb gjykate, nuk duhet t\u00eb jesh kund\u00ebr gjykimit t\u00eb nj\u00eb \u00e7\u00ebshtjeje.<br \/>\nN\u00ebse ke qen\u00eb p\u00ebr nd\u00ebrtimin e nj\u00eb institucioni, nuk duhet t\u00eb kund\u00ebrshtosh asnj\u00eb vendim t\u00eb tij.<\/p>\n<p>Sipas k\u00ebsaj logjike, kush ka qen\u00eb pro krijimit t\u00eb SPAK, nuk duhet t\u00eb kritikoj\u00eb asnj\u00eb arrestim apo hetim t\u00eb gabuar.<br \/>\nKush ka qen\u00eb pro Gjykat\u00ebs s\u00eb Hag\u00ebs, nuk mund t\u00eb ankohet kund\u00ebr asnj\u00eb gjykimi.<\/p>\n<p>Si mendoni: k\u00ebta jan\u00eb budallenj t\u00eb lindur, apo i ka budallepsur partia dhe kryetari?<\/p>\n<p>L\u00ebvizja Vet\u00ebvendosje dje ka sulmuar dy her\u00eb kryeministrin e Shqip\u00ebris\u00eb, sepse ai paska lobuar dhe ka qen\u00eb pro krijimit t\u00eb Gjykat\u00ebs Speciale.<br \/>\nSipas k\u00ebsaj logjike, Shqip\u00ebria nuk duhet t\u00eb lejoj\u00eb protesta kund\u00ebr gjykimit t\u00eb gabuar t\u00eb k\u00ebsaj gjykate ndaj lider\u00ebve t\u00eb U\u00c7K-s\u00eb.<\/p>\n<p>Nj\u00eb gj\u00eb nuk e kuptoj:<br \/>\nPse Albin Kurti nuk b\u00ebri let\u00ebr kund\u00ebr kryeministrit t\u00eb Holand\u00ebs q\u00eb lejoi protestat n\u00eb Hag\u00eb pro Hashim Tha\u00e7it?<br \/>\nPse Albin Kurti nuk b\u00ebri let\u00ebr kund\u00ebr Trump p\u00ebr protestat e shqiptar\u00ebve n\u00eb Amerik\u00eb kund\u00ebr Gjykat\u00ebs s\u00eb Hag\u00ebs?<br \/>\nPse Albin Kurti nuk shkruan kund\u00ebr Sht\u00ebpis\u00eb s\u00eb Bardh\u00eb kur Grenell sulmon Gjykat\u00ebn e Hag\u00ebs?<br \/>\nPse Albin Kurti sulmon m\u00eb shpesh Shqip\u00ebrin\u00eb sesa Serbin\u00eb dhe Rusin\u00eb?<\/p>\n<p>Sipas logjik\u00ebs s\u00eb Albin Kurtit, n\u00ebse je pro nd\u00ebrtimit t\u00eb institucioneve komb\u00ebtare apo nd\u00ebrkomb\u00ebtare, nuk mund t\u00eb kund\u00ebrshtosh vendimet e tyre n\u00eb t\u00eb ardhmen.<br \/>\nMe k\u00ebt\u00eb logjik\u00eb, n\u00eb t\u00eb ardhmen as Kosova dhe as Shqip\u00ebria nuk do t\u00eb mund t\u00eb kritikojne proceset e OKB-s\u00eb, BE-s\u00eb apo K\u00ebshillit t\u00eb Europ\u00ebs.<\/p>\n<p>Albin Kurtin e kupton vet\u00ebm Sali Berisha, i cili pas pilafit kujtohet dhe 20 vjet pas luft\u00ebs t\u00eb k\u00ebrkoj\u00eb rezolut\u00eb p\u00ebr genocidin serb.<br \/>\nPor pse Berisha dhe Kurti u kujtuan dit\u00ebn e protest\u00ebs p\u00ebr rezolut\u00ebn kund\u00ebr genocidit serb?<br \/>\nPse Berisha nuk b\u00ebri rezolut\u00eb kur ishte kryeminist\u00ebr?<br \/>\nPse kujtohet 20 vjet pas luft\u00ebs, pik\u00ebrisht sot?<br \/>\nPse nuk b\u00ebn rezolut\u00eb edhe p\u00ebr genocidet turke, bullgare, greke, gjermane apo italiane kund\u00ebr shqiptar\u00ebve? Si mund t\u00eb tallesh me luft\u00ebn k\u00ebshtu?<\/p>\n<p>\u00c7do kush e kupton q\u00eb Albin Kurti dhe Sali Berisha i duan lider\u00ebt e U\u00c7K-s\u00eb n\u00eb burg.<br \/>\nN\u00eb fakt n\u00eb Hag\u00eb nuk po gjykohet Hashimi dhe Jakupi por Kosova dhe shqiptar\u00ebt.<br \/>\nKush nuk e kupton k\u00ebt\u00eb, \u00ebsht\u00eb ose idiot, ose tradhtar.<\/p>\n<p>The post <a href=\"https:\/\/lexo.al\/2025\/10\/pse-albin-kurti-sulmon-shqiperine-me-shepsh-sesa-serbine-apo-rusine\/\">Pse Albin Kurti sulmon Shqip\u00ebrin\u00eb m\u00eb shepsh sesa Serbin\u00eb apo Rusin\u00eb?<\/a> appeared first on <a href=\"https:\/\/lexo.al\/\">www.lexo.al<\/a>.<\/p>","protected":false},"excerpt":{"rendered":"<p>Nga Kreshnik Spahiu Politika t\u00eb err\u00ebson logjik\u00ebn dhe arsyetimin. Sipas disa idiot\u00ebve, n\u00ebse ke qen\u00eb pro krijimit t\u00eb nj\u00eb gjykate, nuk duhet t\u00eb jesh kund\u00ebr gjykimit t\u00eb nj\u00eb \u00e7\u00ebshtjeje. N\u00ebse ke qen\u00eb p\u00ebr nd\u00ebrtimin e nj\u00eb institucioni, nuk duhet t\u00eb kund\u00ebrshtosh asnj\u00eb vendim t\u00eb tij. Sipas k\u00ebsaj logjike, kush ka qen\u00eb pro krijimit t\u00eb SPAK, [&hellip;]<\/p>\n","protected":false},"author":0,"featured_media":0,"comment_status":"open","ping_status":"open","sticky":false,"template":"","format":"standard","meta":{"footnotes":""},"categories":[1],"tags":[],"class_list":["post-46952","post","type-post","status-publish","format-standard","hentry","category-uncategorized"],"_links":{"self":[{"href":"https:\/\/zennihost.com\/test\/wp-json\/wp\/v2\/posts\/46952","targetHints":{"allow":["GET"]}}],"collection":[{"href":"https:\/\/zennihost.com\/test\/wp-json\/wp\/v2\/posts"}],"about":[{"href":"https:\/\/zennihost.com\/test\/wp-json\/wp\/v2\/types\/post"}],"replies":[{"embeddable":true,"href":"https:\/\/zennihost.com\/test\/wp-json\/wp\/v2\/comments?post=46952"}],"version-history":[{"count":0,"href":"https:\/\/zennihost.com\/test\/wp-json\/wp\/v2\/posts\/46952\/revisions"}],"wp:attachment":[{"href":"https:\/\/zennihost.com\/test\/wp-json\/wp\/v2\/media?parent=46952"}],"wp:term":[{"taxonomy":"category","embeddable":true,"href":"https:\/\/zennihost.com\/test\/wp-json\/wp\/v2\/categories?post=46952"},{"taxonomy":"post_tag","embeddable":true,"href":"https:\/\/zennihost.com\/test\/wp-json\/wp\/v2\/tags?post=46952"}],"curies":[{"name":"wp","href":"https:\/\/api.w.org\/{rel}","templated":true}]}}