{"id":46950,"date":"2025-10-17T10:48:17","date_gmt":"2025-10-17T10:48:17","guid":{"rendered":"https:\/\/zennihost.com\/test\/2025\/10\/17\/mashtrimi-rama-premtoi-kalim-falas-per-protestuesit-nga-kosova-por-detyrohen-te-paguajne\/"},"modified":"2025-10-17T10:48:17","modified_gmt":"2025-10-17T10:48:17","slug":"mashtrimi-rama-premtoi-kalim-falas-per-protestuesit-nga-kosova-por-detyrohen-te-paguajne","status":"publish","type":"post","link":"https:\/\/zennihost.com\/test\/2025\/10\/17\/mashtrimi-rama-premtoi-kalim-falas-per-protestuesit-nga-kosova-por-detyrohen-te-paguajne\/","title":{"rendered":"Mashtrimi! Rama premtoi \u2018kalim falas\u2019 p\u00ebr protestuesit nga Kosova, por detyrohen t\u00eb paguajn\u00eb"},"content":{"rendered":"<p>Kryeministr Edi Rama flet p\u00ebr \u201cmbrojtjen e U\u00c7K-s\u00eb\u201d, por s\u2019e voton rezolut\u00ebn kund\u00ebr gjenocidit serb \u2014 dhe mashtron edhe p\u00ebr Rrug\u00ebn e Kombit!<\/p>\n<p>Premtoi kalim falas p\u00ebr protestuesit, por qytetar\u00ebt paguan tarif\u00ebn si gjithmon\u00eb<\/p>\n<p>Fjal\u00ebt e Edi Ram\u00ebs p\u00ebr \u201cmbrojtjen e U\u00c7K-s\u00eb\u201d dhe \u201cluft\u00ebn p\u00ebr dinjitet komb\u00ebtar\u201d duket se vlejn\u00eb vet\u00ebm p\u00ebr konferenca shtypi e statuse politike, jo p\u00ebr vepra konkrete.<\/p>\n<p>Nd\u00ebrsa n\u00eb Tiran\u00eb mundohet t\u00eb paraqitet si z\u00ebri q\u00eb \u201cmbron luft\u00ebtar\u00ebt e liris\u00eb\u201d, qeveria e tij refuzon t\u00eb mb\u00ebshtes\u00eb edhe nj\u00eb akt simbolik \u2013 rezolut\u00ebn kund\u00ebr gjenocidit serb mbi shqiptar\u00ebt e Kosov\u00ebs.<\/p>\n<p>Nj\u00eb hipokrizi e plot\u00eb, q\u00eb tashm\u00eb \u00ebsht\u00eb b\u00ebr\u00eb shenj\u00eb dalluese e qeverisjes s\u00eb Ram\u00ebs.<\/p>\n<p>Por mashtrimi nuk u ndal me kaq.<\/p>\n<p>Organizata e Veteran\u00ebve t\u00eb Luft\u00ebs s\u00eb U\u00c7K-s\u00eb njoftoi publikisht se, me vendim t\u00eb qeveris\u00eb shqiptare, kalimi n\u00eb Rrug\u00ebn e Kombit do t\u00eb ishte falas p\u00ebr 24 or\u00eb (nga 17 deri m\u00eb 18 tetor), n\u00eb nder t\u00eb protest\u00ebs kund\u00ebr Gjykat\u00ebs Speciale n\u00eb Tiran\u00eb.<\/p>\n<p>N\u00eb realitet, udh\u00ebtar\u00ebt q\u00eb nis\u00ebn rrug\u00ebn drejt kryeqytetit raportuan se pagesa n\u00eb pik\u00ebn e Kalimashit u k\u00ebrkua normalisht, si \u00e7do dit\u00eb tjet\u00ebr.<\/p>\n<p>\u201cNa e dhan\u00eb fjal\u00ebn q\u00eb do kalonim falas p\u00ebr t\u00eb shkuar n\u00eb protest\u00eb, por n\u00eb vend t\u00eb nderit, na k\u00ebrkuan pages\u00eb si gjithmon\u00eb. Mashtrim i past\u00ebr!\u201d \u2013 tha nj\u00eb qytetar nga Prishtina q\u00eb udh\u00ebtoi drejt Tiran\u00ebs.<\/p>\n<p>Ky episod e kthen n\u00eb fars\u00eb \u00e7do fjalim t\u00eb Edi Ram\u00ebs p\u00ebr \u201cbashkim komb\u00ebtar\u201d apo \u201cnderim t\u00eb U\u00c7K-s\u00eb\u201d.<\/p>\n<p>N\u00eb vend q\u00eb t\u00eb leht\u00ebsoj\u00eb qytetar\u00ebt q\u00eb shkuan t\u00eb protestojn\u00eb p\u00ebr drejt\u00ebsin\u00eb e luft\u00ebs, qeveria e tij u k\u00ebrkon tarif\u00eb p\u00ebr t\u00eb hyr\u00eb n\u00eb Shqip\u00ebrin\u00eb q\u00eb ai vet\u00eb drejton.<\/p>\n<p>Nd\u00ebrsa p\u00ebr U\u00c7K-n\u00eb flet me pathos, p\u00ebr t\u00eb v\u00ebrtet\u00ebn dhe rezolut\u00ebn kund\u00ebr krimeve serbe \u2013 hesht.<\/p>\n<p>E nd\u00ebrkoh\u00eb, p\u00ebr qytetar\u00ebt q\u00eb e besojn\u00eb, propaganda vazhdon t\u00eb faturohet me \u00e7mim autostrade.<\/p>\n\n<p>The post <a href=\"https:\/\/gijotina.com\/mashtrimi-rama-premtoi-kalim-falas-per-protestuesit-nga-kosova-por-detyrohen-te-paguajne\/\">Mashtrimi! Rama premtoi \u2018kalim falas\u2019 p\u00ebr protestuesit nga Kosova, por detyrohen t\u00eb paguajn\u00eb<\/a> appeared first on <a href=\"https:\/\/gijotina.com\/\">GIJOTINA<\/a>.<\/p>","protected":false},"excerpt":{"rendered":"<p>Kryeministr Edi Rama flet p\u00ebr \u201cmbrojtjen e U\u00c7K-s\u00eb\u201d, por s\u2019e voton rezolut\u00ebn kund\u00ebr gjenocidit serb \u2014 dhe mashtron edhe p\u00ebr Rrug\u00ebn e Kombit! Premtoi kalim falas p\u00ebr protestuesit, por qytetar\u00ebt paguan tarif\u00ebn si gjithmon\u00eb Fjal\u00ebt e Edi Ram\u00ebs p\u00ebr \u201cmbrojtjen e U\u00c7K-s\u00eb\u201d dhe \u201cluft\u00ebn p\u00ebr dinjitet komb\u00ebtar\u201d duket se vlejn\u00eb vet\u00ebm p\u00ebr konferenca shtypi e [&hellip;]<\/p>\n","protected":false},"author":0,"featured_media":0,"comment_status":"open","ping_status":"open","sticky":false,"template":"","format":"standard","meta":{"footnotes":""},"categories":[1],"tags":[],"class_list":["post-46950","post","type-post","status-publish","format-standard","hentry","category-uncategorized"],"_links":{"self":[{"href":"https:\/\/zennihost.com\/test\/wp-json\/wp\/v2\/posts\/46950","targetHints":{"allow":["GET"]}}],"collection":[{"href":"https:\/\/zennihost.com\/test\/wp-json\/wp\/v2\/posts"}],"about":[{"href":"https:\/\/zennihost.com\/test\/wp-json\/wp\/v2\/types\/post"}],"replies":[{"embeddable":true,"href":"https:\/\/zennihost.com\/test\/wp-json\/wp\/v2\/comments?post=46950"}],"version-history":[{"count":0,"href":"https:\/\/zennihost.com\/test\/wp-json\/wp\/v2\/posts\/46950\/revisions"}],"wp:attachment":[{"href":"https:\/\/zennihost.com\/test\/wp-json\/wp\/v2\/media?parent=46950"}],"wp:term":[{"taxonomy":"category","embeddable":true,"href":"https:\/\/zennihost.com\/test\/wp-json\/wp\/v2\/categories?post=46950"},{"taxonomy":"post_tag","embeddable":true,"href":"https:\/\/zennihost.com\/test\/wp-json\/wp\/v2\/tags?post=46950"}],"curies":[{"name":"wp","href":"https:\/\/api.w.org\/{rel}","templated":true}]}}