{"id":46949,"date":"2025-10-17T10:48:17","date_gmt":"2025-10-17T10:48:17","guid":{"rendered":"https:\/\/zennihost.com\/test\/2025\/10\/17\/konferenca-e-kryetareve-kellici-i-kthehet-peleshit-ne-nuk-kerkojme-trazira-por-ju-po-na-impononi\/"},"modified":"2025-10-17T10:48:17","modified_gmt":"2025-10-17T10:48:17","slug":"konferenca-e-kryetareve-kellici-i-kthehet-peleshit-ne-nuk-kerkojme-trazira-por-ju-po-na-impononi","status":"publish","type":"post","link":"https:\/\/zennihost.com\/test\/2025\/10\/17\/konferenca-e-kryetareve-kellici-i-kthehet-peleshit-ne-nuk-kerkojme-trazira-por-ju-po-na-impononi\/","title":{"rendered":"Konferenca e kryetar\u00ebve, K\u00eblli\u00e7i i kthehet Peleshit: Ne nuk k\u00ebrkojm\u00eb trazira, por ju po na impononi"},"content":{"rendered":"<p>Gjat\u00eb Konferenc\u00ebs s\u00eb Kryetar\u00ebve n\u00eb Kuvend, Belind K\u00eblli\u00e7i ka akuzuar mazhorancen p\u00ebr ngushtimin e hap\u00ebsirave q\u00eb i takojn\u00eb opozit\u00ebs n\u00eb Parlament.<\/p>\n<p>K\u00eblli\u00e7i theksoi se n\u00eb vet\u00ebm tre jav\u00eb, mazhoranca ka p\u00ebrjashtuar dy her\u00eb kryetarin e grupit parlamentar t\u00eb PD-s\u00eb, me urdh\u00ebr t\u00eb Ball\u00ebs.<\/p>\n<p>Po ashtu, ai u shpreh se opozita nuk do trazira, por po ia imponojn\u00eb reagimin e fort\u00eb.<\/p>\n<p>\u201cPo ngushtoni hap\u00ebsirat q\u00eb ka opozita n\u00eb Kuvend. Kjo \u00ebsht\u00eb anti-kushtetuese dhe e patolerueshme. Opozita nuk k\u00ebrkon trazira dhe nuk \u00ebsht\u00eb p\u00ebr jo-normalitet, por po na e impononi ju reagimin e fort\u00eb. E impononi ju me shkeljen e Kushtetut\u00ebs.<\/p>\n<p>Ju donit dje t\u00eb ndryshonit tradit\u00ebn e pyetjeve p\u00ebr institucionet e pavarura, p\u00ebr shkak se keni hallin kur t\u00eb raportojn\u00eb institucionet e drejt\u00ebsis\u00eb. Keni frik\u00eb nga pyetjet e opozit\u00ebs p\u00ebr ato institucione dhe p\u00ebr drejtuesit e drejt\u00ebsis\u00eb.<\/p>\n<p>Sa i p\u00ebrket rregullores dhe respektit t\u00eb hap\u00ebsir\u00ebs s\u00eb opozit\u00ebs, mjafton t\u00eb ju them se n\u00eb 3 jav\u00eb ke p\u00ebrjashtuar 2 her\u00eb kreun e grupit t\u00eb PD-s\u00eb, me porosi t\u00eb Ball\u00ebs\u201d, eshte shprehur deputeti i PD, Belind Kelli\u00e7i.<\/p>\n<p>The post <a href=\"https:\/\/gijotina.com\/konferenca-e-kryetareve-kellici-i-kthehet-peleshit-ne-nuk-kerkojme-trazira-por-ju-po-na-impononi\/\">Konferenca e kryetar\u00ebve, K\u00eblli\u00e7i i kthehet Peleshit: Ne nuk k\u00ebrkojm\u00eb trazira, por ju po na impononi<\/a> appeared first on <a href=\"https:\/\/gijotina.com\/\">GIJOTINA<\/a>.<\/p>","protected":false},"excerpt":{"rendered":"<p>Gjat\u00eb Konferenc\u00ebs s\u00eb Kryetar\u00ebve n\u00eb Kuvend, Belind K\u00eblli\u00e7i ka akuzuar mazhorancen p\u00ebr ngushtimin e hap\u00ebsirave q\u00eb i takojn\u00eb opozit\u00ebs n\u00eb Parlament. K\u00eblli\u00e7i theksoi se n\u00eb vet\u00ebm tre jav\u00eb, mazhoranca ka p\u00ebrjashtuar dy her\u00eb kryetarin e grupit parlamentar t\u00eb PD-s\u00eb, me urdh\u00ebr t\u00eb Ball\u00ebs. Po ashtu, ai u shpreh se opozita nuk do trazira, por po [&hellip;]<\/p>\n","protected":false},"author":0,"featured_media":0,"comment_status":"open","ping_status":"open","sticky":false,"template":"","format":"standard","meta":{"footnotes":""},"categories":[1],"tags":[],"class_list":["post-46949","post","type-post","status-publish","format-standard","hentry","category-uncategorized"],"_links":{"self":[{"href":"https:\/\/zennihost.com\/test\/wp-json\/wp\/v2\/posts\/46949","targetHints":{"allow":["GET"]}}],"collection":[{"href":"https:\/\/zennihost.com\/test\/wp-json\/wp\/v2\/posts"}],"about":[{"href":"https:\/\/zennihost.com\/test\/wp-json\/wp\/v2\/types\/post"}],"replies":[{"embeddable":true,"href":"https:\/\/zennihost.com\/test\/wp-json\/wp\/v2\/comments?post=46949"}],"version-history":[{"count":0,"href":"https:\/\/zennihost.com\/test\/wp-json\/wp\/v2\/posts\/46949\/revisions"}],"wp:attachment":[{"href":"https:\/\/zennihost.com\/test\/wp-json\/wp\/v2\/media?parent=46949"}],"wp:term":[{"taxonomy":"category","embeddable":true,"href":"https:\/\/zennihost.com\/test\/wp-json\/wp\/v2\/categories?post=46949"},{"taxonomy":"post_tag","embeddable":true,"href":"https:\/\/zennihost.com\/test\/wp-json\/wp\/v2\/tags?post=46949"}],"curies":[{"name":"wp","href":"https:\/\/api.w.org\/{rel}","templated":true}]}}