{"id":46948,"date":"2025-10-17T10:48:17","date_gmt":"2025-10-17T10:48:17","guid":{"rendered":"https:\/\/zennihost.com\/test\/2025\/10\/17\/nje-plumb-e-ka-kapur-ne-koke-vellai-i-rrumit-te-shijakut-ne-gjkko-sot-eshte-gati-invalid\/"},"modified":"2025-10-17T10:48:17","modified_gmt":"2025-10-17T10:48:17","slug":"nje-plumb-e-ka-kapur-ne-koke-vellai-i-rrumit-te-shijakut-ne-gjkko-sot-eshte-gati-invalid","status":"publish","type":"post","link":"https:\/\/zennihost.com\/test\/2025\/10\/17\/nje-plumb-e-ka-kapur-ne-koke-vellai-i-rrumit-te-shijakut-ne-gjkko-sot-eshte-gati-invalid\/","title":{"rendered":"\u201cNj\u00eb plumb e ka kapur n\u00eb kok\u00eb\u201d\/ V\u00ebllai i \u201cRrumit t\u00eb Shijakut\u201d n\u00eb GJKKO: Sot \u00ebsht\u00eb gati invalid"},"content":{"rendered":"<p>Vullnet Mu\u00e7a, v\u00ebllai i Aleksand\u00ebr Lahos, i njohur ndryshe si \u201cRrumi i Shijakut\u201d, ka d\u00ebshmuar n\u00eb Gjykat\u00ebn e Posa\u00e7me kund\u00ebr Korrupsionit dhe Krimit t\u00eb Organizuar (GJKKO), lidhur me atentatin ndaj ish-prokurorit Arjan Ndoja<em>,\u00a0<\/em>n\u00eb vitin 2019 te mbikalimi i Shkozetit, ku Laho mbeti i plagosur r\u00ebnd\u00eb.<\/p>\n<p>N\u00eb d\u00ebshmin\u00eb e tij, Mu\u00e7a deklaroi se n\u00eb at\u00eb koh\u00eb jetonte n\u00eb Sukth dhe nuk kishte asnj\u00eb lidhje me t\u00eb pandehurit. \u201c<em>Kam d\u00ebgjuar vet\u00ebm emrin Plaurentin, q\u00eb jan\u00eb nga Durr\u00ebsi, por nuk i njoh,\u201d<\/em>\u00a0\u2013 tha ai.<\/p>\n<p>Ai tregoi se p\u00ebr plagosjen e v\u00ebllait kishte m\u00ebsuar nga televizori, nd\u00ebrsa ndodhej n\u00eb palest\u00ebr.\u00a0<em>\u201cM\u00eb pas mora vesh q\u00eb ka qen\u00eb n\u00eb makin\u00eb me Andi Malokun dhe Arjan Ndojin, duke ardhur nga rruga e plazhit. Kur shkova n\u00eb spital, na ra si bomb\u00eb. Nuk kishim pasur asnj\u00eb konflikt me ask\u00ebnd,\u201d<\/em>\u00a0\u2013 u shpreh Mu\u00e7a.<\/p>\n<p>Sipas tij, Aleksand\u00ebr Laho ka mbetur me pasoja t\u00eb r\u00ebnda sh\u00ebndet\u00ebsore dhe \u00ebsht\u00eb thuajse invalid. \u201c<em>Ai thot\u00eb se jan\u00eb q\u00eblluar nga mbrapa dhe nj\u00eb plumb e ka kapur n\u00eb kok\u00eb. Nuk mban mend asgj\u00eb. Mjek\u00ebt thon\u00eb se ka p\u00ebsuar traum\u00eb,\u201d \u2013\u00a0<\/em>shtoi ai.<\/p>\n<p><strong>Deklarata n\u00eb GjKKO:<\/strong><\/p>\n<p><em>\u201cN\u00eb 2019 kam jetuar n\u00eb Sukth. T\u00eb pandehurit, nuk i njoh, kam d\u00ebgjuar si em\u00ebr Plaurentin, se t\u00eb dy nga Durr\u00ebsi, por s\u2019kam lidhje me t\u00eb.<\/em><\/p>\n<p><em>Aleksand\u00ebr Lahon e kam v\u00eblla. N\u00eb 2019 e kan\u00eb plagosur, e kam par\u00eb nga televizori, isha n\u00eb palest\u00ebr. M\u00eb mbrapa mora vesh q\u00eb ka qen\u00eb n\u00eb mjet me Andi Malokun, Arjan Ndojin. Po vinte nga rruga e plazhit.<\/em><\/p>\n<p><em>Pasi shkova n\u00eb spital na ra si bomb\u00eb, se me k\u00ebto pal\u00eb nuk kemi pasur asnj\u00eb konflikt, pse u b\u00eb, qysh u b\u00eb. Sepse ai ka qen\u00eb shum\u00eb i aksidentuar, edhe sot \u00ebsht\u00eb gati invalid. Ai thot\u00eb \u2018na kan\u00eb gjuajtur nga mbrapa\u2019 dhe nj\u00eb plumb e ka kapur n\u00eb kok\u00eb, andaj ai s\u2019mban mend asgj\u00eb\u2019.<\/em><\/p>\n<p><em>Doktor\u00ebt thon\u00eb ka p\u00ebsuar traum\u00eb. Jemi munduar t\u00eb dim\u00eb t\u00eb v\u00ebrtet\u00ebn, se me k\u00ebta njer\u00ebz nuk kemi lidhje. Informacionet m\u00eb t\u00eb detajuara i ka shteti. Nuk mund ta di se nuk kemi pasur njeri m\u00eb para. Kan\u00eb ardhur njer\u00ebz p\u00ebr vizit\u00eb.<\/em><\/p>\n<p><em>Arjan Ndoj\u00ebn e kam takuar nja 2-3 her\u00eb. Ka th\u00ebn\u00eb t\u2019ia l\u00ebm\u00eb koh\u00ebs, se nuk e dinim nga na kishte ardhur. Me familjen e Andi Malokut njihemi si bashk\u00ebfshatar\u00eb.\u201d<\/em><\/p>\n<p>The post <a href=\"https:\/\/gijotina.com\/nje-plumb-e-ka-kapur-ne-koke-vellai-i-rrumit-te-shijakut-ne-gjkko-sot-eshte-gati-invalid\/\">\u201cNj\u00eb plumb e ka kapur n\u00eb kok\u00eb\u201d\/ V\u00ebllai i \u201cRrumit t\u00eb Shijakut\u201d n\u00eb GJKKO: Sot \u00ebsht\u00eb gati invalid<\/a> appeared first on <a href=\"https:\/\/gijotina.com\/\">GIJOTINA<\/a>.<\/p>","protected":false},"excerpt":{"rendered":"<p>Vullnet Mu\u00e7a, v\u00ebllai i Aleksand\u00ebr Lahos, i njohur ndryshe si \u201cRrumi i Shijakut\u201d, ka d\u00ebshmuar n\u00eb Gjykat\u00ebn e Posa\u00e7me kund\u00ebr Korrupsionit dhe Krimit t\u00eb Organizuar (GJKKO), lidhur me atentatin ndaj ish-prokurorit Arjan Ndoja,\u00a0n\u00eb vitin 2019 te mbikalimi i Shkozetit, ku Laho mbeti i plagosur r\u00ebnd\u00eb. N\u00eb d\u00ebshmin\u00eb e tij, Mu\u00e7a deklaroi se n\u00eb at\u00eb koh\u00eb [&hellip;]<\/p>\n","protected":false},"author":0,"featured_media":0,"comment_status":"open","ping_status":"open","sticky":false,"template":"","format":"standard","meta":{"footnotes":""},"categories":[1],"tags":[],"class_list":["post-46948","post","type-post","status-publish","format-standard","hentry","category-uncategorized"],"_links":{"self":[{"href":"https:\/\/zennihost.com\/test\/wp-json\/wp\/v2\/posts\/46948","targetHints":{"allow":["GET"]}}],"collection":[{"href":"https:\/\/zennihost.com\/test\/wp-json\/wp\/v2\/posts"}],"about":[{"href":"https:\/\/zennihost.com\/test\/wp-json\/wp\/v2\/types\/post"}],"replies":[{"embeddable":true,"href":"https:\/\/zennihost.com\/test\/wp-json\/wp\/v2\/comments?post=46948"}],"version-history":[{"count":0,"href":"https:\/\/zennihost.com\/test\/wp-json\/wp\/v2\/posts\/46948\/revisions"}],"wp:attachment":[{"href":"https:\/\/zennihost.com\/test\/wp-json\/wp\/v2\/media?parent=46948"}],"wp:term":[{"taxonomy":"category","embeddable":true,"href":"https:\/\/zennihost.com\/test\/wp-json\/wp\/v2\/categories?post=46948"},{"taxonomy":"post_tag","embeddable":true,"href":"https:\/\/zennihost.com\/test\/wp-json\/wp\/v2\/tags?post=46948"}],"curies":[{"name":"wp","href":"https:\/\/api.w.org\/{rel}","templated":true}]}}