{"id":46943,"date":"2025-10-17T09:48:17","date_gmt":"2025-10-17T09:48:17","guid":{"rendered":"https:\/\/zennihost.com\/test\/2025\/10\/17\/tragjedi-ne-futboll-19-vjecari-peson-kolaps-ne-fushe-dhe-nderron-jete\/"},"modified":"2025-10-17T09:48:17","modified_gmt":"2025-10-17T09:48:17","slug":"tragjedi-ne-futboll-19-vjecari-peson-kolaps-ne-fushe-dhe-nderron-jete","status":"publish","type":"post","link":"https:\/\/zennihost.com\/test\/2025\/10\/17\/tragjedi-ne-futboll-19-vjecari-peson-kolaps-ne-fushe-dhe-nderron-jete\/","title":{"rendered":"Tragjedi n\u00eb futboll, 19-vje\u00e7ari p\u00ebson kolaps n\u00eb fush\u00eb dhe nd\u00ebrron jet\u00eb"},"content":{"rendered":"<p>Nj\u00eb ngjarje tragjike ka goditur futbollin kazak dhe m\u00eb gjer\u00eb. Dias Toleu, futbollisti i ri vet\u00ebm 19 vje\u00e7, ka humbur jet\u00ebn gjat\u00eb nj\u00eb ndeshjeje zyrtare t\u00eb Lig\u00ebs s\u00eb Par\u00eb n\u00eb Kazakistan, mes ekipeve Khan Tengri dhe Ekibastuz, e vlefshme p\u00ebr jav\u00ebn e 25-t\u00eb t\u00eb kampionatit.<\/p>\n<p>Ngjarja ndodhi n\u00eb minut\u00ebn e 65-t\u00eb t\u00eb takimit, kur Toleu u rr\u00ebzua papritur n\u00eb fush\u00eb. Pavar\u00ebsisht nd\u00ebrhyrjes s\u00eb shpejt\u00eb t\u00eb mjek\u00ebve, m\u00eb pas u konfirmua ndarja e tij nga jeta. Shkaku i vdekjes nuk \u00ebsht\u00eb b\u00ebr\u00eb ende publik, nd\u00ebrsa autoritetet po vazhdojn\u00eb hetimet p\u00ebr t\u00eb sqaruar rrethanat.<\/p>\n<p>I lindur n\u00eb Almaty, Toleu ishte nj\u00eb talent premtues, produkt i akademis\u00eb s\u00eb njohur t\u00eb Kairat Almaty. N\u00eb muajin prill t\u00eb k\u00ebtij viti, ai iu bashkua skuadr\u00ebs s\u00eb Khan Tengri, ku po hidhte hapat e par\u00eb n\u00eb futbollin profesionist. Vler\u00ebsohej p\u00ebr shpirtin luftarak, p\u00ebrkushtimin dhe dashurin\u00eb ndaj loj\u00ebs.<\/p>\n<p>Pas lajmit t\u00eb hidhur, Federata e Futbollit t\u00eb Kazakistanit reagoi me nj\u00eb deklarat\u00eb zyrtare: \u201cMe trishtim t\u00eb thell\u00eb japim lajmin p\u00ebr ndarjen nga jeta t\u00eb sulmuesit t\u00eb ri, Dias Toleu. Edhe pse n\u00eb nj\u00eb mosh\u00eb shum\u00eb t\u00eb re, ai spikaste p\u00ebr pasionin e tij p\u00ebr futbollin dhe talentin e madh. N\u00eb k\u00ebto momente t\u00eb v\u00ebshtira, i shprehim ngush\u00ebllimet tona m\u00eb t\u00eb sinqerta familjes, miqve dhe klubit t\u00eb tij.\u201d<\/p>\n<p>The post <a href=\"https:\/\/lexo.al\/2025\/10\/tragjedi-ne-futboll-19-vjecari-peson-kolaps-ne-fushe-dhe-nderron-jete\/\">Tragjedi n\u00eb futboll, 19-vje\u00e7ari p\u00ebson kolaps n\u00eb fush\u00eb dhe nd\u00ebrron jet\u00eb<\/a> appeared first on <a href=\"https:\/\/lexo.al\/\">www.lexo.al<\/a>.<\/p>","protected":false},"excerpt":{"rendered":"<p>Nj\u00eb ngjarje tragjike ka goditur futbollin kazak dhe m\u00eb gjer\u00eb. Dias Toleu, futbollisti i ri vet\u00ebm 19 vje\u00e7, ka humbur jet\u00ebn gjat\u00eb nj\u00eb ndeshjeje zyrtare t\u00eb Lig\u00ebs s\u00eb Par\u00eb n\u00eb Kazakistan, mes ekipeve Khan Tengri dhe Ekibastuz, e vlefshme p\u00ebr jav\u00ebn e 25-t\u00eb t\u00eb kampionatit. Ngjarja ndodhi n\u00eb minut\u00ebn e 65-t\u00eb t\u00eb takimit, kur Toleu [&hellip;]<\/p>\n","protected":false},"author":0,"featured_media":0,"comment_status":"open","ping_status":"open","sticky":false,"template":"","format":"standard","meta":{"footnotes":""},"categories":[1],"tags":[],"class_list":["post-46943","post","type-post","status-publish","format-standard","hentry","category-uncategorized"],"_links":{"self":[{"href":"https:\/\/zennihost.com\/test\/wp-json\/wp\/v2\/posts\/46943","targetHints":{"allow":["GET"]}}],"collection":[{"href":"https:\/\/zennihost.com\/test\/wp-json\/wp\/v2\/posts"}],"about":[{"href":"https:\/\/zennihost.com\/test\/wp-json\/wp\/v2\/types\/post"}],"replies":[{"embeddable":true,"href":"https:\/\/zennihost.com\/test\/wp-json\/wp\/v2\/comments?post=46943"}],"version-history":[{"count":0,"href":"https:\/\/zennihost.com\/test\/wp-json\/wp\/v2\/posts\/46943\/revisions"}],"wp:attachment":[{"href":"https:\/\/zennihost.com\/test\/wp-json\/wp\/v2\/media?parent=46943"}],"wp:term":[{"taxonomy":"category","embeddable":true,"href":"https:\/\/zennihost.com\/test\/wp-json\/wp\/v2\/categories?post=46943"},{"taxonomy":"post_tag","embeddable":true,"href":"https:\/\/zennihost.com\/test\/wp-json\/wp\/v2\/tags?post=46943"}],"curies":[{"name":"wp","href":"https:\/\/api.w.org\/{rel}","templated":true}]}}