{"id":46942,"date":"2025-10-17T09:48:17","date_gmt":"2025-10-17T09:48:17","guid":{"rendered":"https:\/\/zennihost.com\/test\/2025\/10\/17\/pse-ika-nga-shqiperia-rrefimi-i-ish-deputetit-te-pd-per-perplasjet-me-berishen\/"},"modified":"2025-10-17T09:48:17","modified_gmt":"2025-10-17T09:48:17","slug":"pse-ika-nga-shqiperia-rrefimi-i-ish-deputetit-te-pd-per-perplasjet-me-berishen","status":"publish","type":"post","link":"https:\/\/zennihost.com\/test\/2025\/10\/17\/pse-ika-nga-shqiperia-rrefimi-i-ish-deputetit-te-pd-per-perplasjet-me-berishen\/","title":{"rendered":"\u201cPse ika nga Shqip\u00ebria?\u201d \u2013 Rr\u00ebfimi i ish-deputetit t\u00eb PD p\u00ebr p\u00ebrplasjet me Berish\u00ebn"},"content":{"rendered":"<p>Bardhyl Reso i ftuar n\u00eb Shqip nga Rudina Xhunga rr\u00ebfeuarsyet e largimit t\u00eb tij nga Shqip\u00ebria, nj\u00eb vendim i ndikuar thell\u00ebsisht nga zhg\u00ebnjimi dhe p\u00ebrplasjet brenda Partis\u00eb Demokratike, si nj\u00eb ish-deputet. <\/p>\n<p>Ai pranon se kontradiktat me drejtuesit kryesor\u00eb t\u00eb PD-s\u00eb, ve\u00e7an\u00ebrisht me Sali Berish\u00ebn, e b\u00ebn\u00eb t\u00eb pamundur vazhdimin e angazhimit t\u00eb tij politik. <\/p>\n<p>Madje, ai p\u00ebrmend sinqerisht edhe nj\u00eb lloj frike nga \u201ctemperamenti i tropojan\u00ebve\u201d si nj\u00eb nga faktor\u00ebt q\u00eb ndikuan n\u00eb vendimin e tij p\u00ebr t\u2019u larguar.<\/p>\n<p>Sot, ai reflekton me nj\u00eb ndjenj\u00eb pendese, duke menduar se ndoshta duhej t\u00eb ishte kthyer m\u00eb her\u00ebt p\u00ebr t\u00eb luftuar p\u00ebr \u00e7\u00ebshtjet n\u00eb t\u00eb cilat besonte, p\u00ebrfshir\u00eb at\u00eb t\u00eb pronave. <\/p>\n<p>Sipas tij, tentativa p\u00ebr t\u00eb krijuar nj\u00eb t\u00eb djatht\u00eb t\u00eb v\u00ebrtet\u00eb, me figura si Butka e Dosti, d\u00ebshtoi p\u00ebr shkak t\u00eb pragmatizmit dhe interesave personale q\u00eb i shtyn\u00eb shum\u00eb figura t\u2019i bashkoheshin Sali Berish\u00ebs. <\/p>\n<p>Ai e p\u00ebrshkruan PD-n\u00eb e asaj kohe si nj\u00eb parti ku ishte e v\u00ebshtir\u00eb t\u00eb krijoje grupe me mendim ndryshe, duke e cil\u00ebsuar at\u00eb si nj\u00eb \u201ct\u00eb djatht\u00eb me komunist\u00eb\u201d, nj\u00eb trash\u00ebgimi e l\u00ebn\u00eb nga Ramiz Alia p\u00ebr t\u00eb mos lejuar krijimin e nj\u00eb opozite t\u00eb v\u00ebrtet\u00eb. <\/p>\n<p>Ky rr\u00ebfim hedh drit\u00eb mbi dinamikat e brendshme t\u00eb politik\u00ebs s\u00eb tranzicionit dhe kostot personale t\u00eb atyre q\u00eb guxuan t\u00eb kund\u00ebrshtonin liderin.<\/p>\n<p>The post <a href=\"https:\/\/lexo.al\/2025\/10\/pse-ika-nga-shqiperia-rrefimi-i-ish-deputetit-te-pd-per-perplasjet-me-berishen\/\">\u201cPse ika nga Shqip\u00ebria?\u201d \u2013 Rr\u00ebfimi i ish-deputetit t\u00eb PD p\u00ebr p\u00ebrplasjet me Berish\u00ebn<\/a> appeared first on <a href=\"https:\/\/lexo.al\/\">www.lexo.al<\/a>.<\/p>","protected":false},"excerpt":{"rendered":"<p>Bardhyl Reso i ftuar n\u00eb Shqip nga Rudina Xhunga rr\u00ebfeuarsyet e largimit t\u00eb tij nga Shqip\u00ebria, nj\u00eb vendim i ndikuar thell\u00ebsisht nga zhg\u00ebnjimi dhe p\u00ebrplasjet brenda Partis\u00eb Demokratike, si nj\u00eb ish-deputet. Ai pranon se kontradiktat me drejtuesit kryesor\u00eb t\u00eb PD-s\u00eb, ve\u00e7an\u00ebrisht me Sali Berish\u00ebn, e b\u00ebn\u00eb t\u00eb pamundur vazhdimin e angazhimit t\u00eb tij politik. Madje, [&hellip;]<\/p>\n","protected":false},"author":0,"featured_media":0,"comment_status":"open","ping_status":"open","sticky":false,"template":"","format":"standard","meta":{"footnotes":""},"categories":[1],"tags":[],"class_list":["post-46942","post","type-post","status-publish","format-standard","hentry","category-uncategorized"],"_links":{"self":[{"href":"https:\/\/zennihost.com\/test\/wp-json\/wp\/v2\/posts\/46942","targetHints":{"allow":["GET"]}}],"collection":[{"href":"https:\/\/zennihost.com\/test\/wp-json\/wp\/v2\/posts"}],"about":[{"href":"https:\/\/zennihost.com\/test\/wp-json\/wp\/v2\/types\/post"}],"replies":[{"embeddable":true,"href":"https:\/\/zennihost.com\/test\/wp-json\/wp\/v2\/comments?post=46942"}],"version-history":[{"count":0,"href":"https:\/\/zennihost.com\/test\/wp-json\/wp\/v2\/posts\/46942\/revisions"}],"wp:attachment":[{"href":"https:\/\/zennihost.com\/test\/wp-json\/wp\/v2\/media?parent=46942"}],"wp:term":[{"taxonomy":"category","embeddable":true,"href":"https:\/\/zennihost.com\/test\/wp-json\/wp\/v2\/categories?post=46942"},{"taxonomy":"post_tag","embeddable":true,"href":"https:\/\/zennihost.com\/test\/wp-json\/wp\/v2\/tags?post=46942"}],"curies":[{"name":"wp","href":"https:\/\/api.w.org\/{rel}","templated":true}]}}