{"id":46940,"date":"2025-10-17T09:48:16","date_gmt":"2025-10-17T09:48:16","guid":{"rendered":"https:\/\/zennihost.com\/test\/2025\/10\/17\/zyrtare-kosova-prane-boterorit-2026-trajneri-franco-foda-rinovon-me-dy-vite\/"},"modified":"2025-10-17T09:48:16","modified_gmt":"2025-10-17T09:48:16","slug":"zyrtare-kosova-prane-boterorit-2026-trajneri-franco-foda-rinovon-me-dy-vite","status":"publish","type":"post","link":"https:\/\/zennihost.com\/test\/2025\/10\/17\/zyrtare-kosova-prane-boterorit-2026-trajneri-franco-foda-rinovon-me-dy-vite\/","title":{"rendered":"Zyrtare\/ Kosova pran\u00eb Bot\u00ebrorit 2026, trajneri Franco Foda rinovon me dy vite"},"content":{"rendered":"<p>Federata e Futbollit e Kosov\u00ebs ka njoftuar marr\u00ebveshjen e re dy vje\u00e7are me trajnerin e p\u00ebrfaq\u00ebsueses, Franco Foda. Kontrata q\u00eb konfirmon q\u00ebndrimin e Fod\u00ebs n\u00eb krye t\u00eb ekipit \u00ebsht\u00eb n\u00ebnshkruar zyrtarisht nga presidenti Agim Ademi dhe p\u00ebrzgjedh\u00ebsi Franco Foda.<\/p>\n<p>Me marr\u00ebveshjen e re, Foda do ta drejtoj\u00eb skuadr\u00ebn e Kosov\u00ebs deri n\u00eb fund t\u00eb vitit 2027, me mund\u00ebsi vazhdimi automatikisht n\u00eb rast t\u00eb kualifikimit n\u00eb Kampionatin Evropian t\u00eb vitit 2028.<\/p>\n<p>Franco Foda e mori drejtimin e Kosov\u00ebs m\u00eb 17.02.2024 dhe q\u00eb nga ajo periudh\u00eb ka udh\u00ebhequr ekipin n\u00eb 17 ndeshje deri tani, duke arritur 11 fitore, 2 barazime (p\u00ebrfshir\u00eb at\u00eb me Rumanin\u00eb 0:0) dhe ka p\u00ebsuar 4 humbje.<\/p>\n<p>Kosova gjithashtu \u00ebsht\u00eb n\u00eb gar\u00eb p\u00ebr nj\u00eb vend n\u00eb Kup\u00ebn e Bot\u00ebs 2026, me n\u00ebntorin q\u00eb do jet\u00eb nj\u00eb muaj de\u00e7iziv.<\/p>\n<p>The post <a href=\"https:\/\/lexo.al\/2025\/10\/zyrtare-kosova-prane-boterorit-2026-trajneri-franco-foda-rinovon-me-dy-vite\/\">Zyrtare\/ Kosova pran\u00eb Bot\u00ebrorit 2026, trajneri Franco Foda rinovon me dy vite<\/a> appeared first on <a href=\"https:\/\/lexo.al\/\">www.lexo.al<\/a>.<\/p>","protected":false},"excerpt":{"rendered":"<p>Federata e Futbollit e Kosov\u00ebs ka njoftuar marr\u00ebveshjen e re dy vje\u00e7are me trajnerin e p\u00ebrfaq\u00ebsueses, Franco Foda. Kontrata q\u00eb konfirmon q\u00ebndrimin e Fod\u00ebs n\u00eb krye t\u00eb ekipit \u00ebsht\u00eb n\u00ebnshkruar zyrtarisht nga presidenti Agim Ademi dhe p\u00ebrzgjedh\u00ebsi Franco Foda. Me marr\u00ebveshjen e re, Foda do ta drejtoj\u00eb skuadr\u00ebn e Kosov\u00ebs deri n\u00eb fund t\u00eb vitit [&hellip;]<\/p>\n","protected":false},"author":0,"featured_media":0,"comment_status":"open","ping_status":"open","sticky":false,"template":"","format":"standard","meta":{"footnotes":""},"categories":[1],"tags":[],"class_list":["post-46940","post","type-post","status-publish","format-standard","hentry","category-uncategorized"],"_links":{"self":[{"href":"https:\/\/zennihost.com\/test\/wp-json\/wp\/v2\/posts\/46940","targetHints":{"allow":["GET"]}}],"collection":[{"href":"https:\/\/zennihost.com\/test\/wp-json\/wp\/v2\/posts"}],"about":[{"href":"https:\/\/zennihost.com\/test\/wp-json\/wp\/v2\/types\/post"}],"replies":[{"embeddable":true,"href":"https:\/\/zennihost.com\/test\/wp-json\/wp\/v2\/comments?post=46940"}],"version-history":[{"count":0,"href":"https:\/\/zennihost.com\/test\/wp-json\/wp\/v2\/posts\/46940\/revisions"}],"wp:attachment":[{"href":"https:\/\/zennihost.com\/test\/wp-json\/wp\/v2\/media?parent=46940"}],"wp:term":[{"taxonomy":"category","embeddable":true,"href":"https:\/\/zennihost.com\/test\/wp-json\/wp\/v2\/categories?post=46940"},{"taxonomy":"post_tag","embeddable":true,"href":"https:\/\/zennihost.com\/test\/wp-json\/wp\/v2\/tags?post=46940"}],"curies":[{"name":"wp","href":"https:\/\/api.w.org\/{rel}","templated":true}]}}