{"id":46939,"date":"2025-10-17T09:48:16","date_gmt":"2025-10-17T09:48:16","guid":{"rendered":"https:\/\/zennihost.com\/test\/2025\/10\/17\/skender-minxhozi-ne-hage-ndodhet-kosova-jo-hashimi-kadriu-jakupi-dhe-rexhepi\/"},"modified":"2025-10-17T09:48:16","modified_gmt":"2025-10-17T09:48:16","slug":"skender-minxhozi-ne-hage-ndodhet-kosova-jo-hashimi-kadriu-jakupi-dhe-rexhepi","status":"publish","type":"post","link":"https:\/\/zennihost.com\/test\/2025\/10\/17\/skender-minxhozi-ne-hage-ndodhet-kosova-jo-hashimi-kadriu-jakupi-dhe-rexhepi\/","title":{"rendered":"Sk\u00ebnder Minxhozi: N\u00eb Hag\u00eb ndodhet Kosova, jo Hashimi, Kadriu, Jakupi dhe Rexhepi"},"content":{"rendered":"<p>Ata q\u00eb duan t\u00eb fshihen pas gishtit, n\u00eb lidhje me procesin disavje\u00e7ar q\u00eb po mbahet n\u00eb Hag\u00eb ndaj ish-krer\u00ebve t\u00eb Ushtris\u00eb \u00c7lirimtare t\u00eb Kosov\u00ebs, jan\u00eb t\u00eb lir\u00eb ta b\u00ebjn\u00eb k\u00ebt\u00eb edhe nes\u00ebr kur n\u00eb Tiran\u00eb do t\u00eb mbahet nj\u00eb protest\u00eb mbar\u00ebkomb\u00ebtare ndaj k\u00ebsaj tragjikomedie q\u00eb po luhet nga Dhomat Speciale t\u00eb Kosov\u00ebs. Fundja \u00ebsht\u00eb vet\u00ebm nj\u00eb zgjatim i nj\u00eb lufte t\u00eb pist\u00eb politike q\u00eb e ka mbajtur n\u00eb ng\u00ebr\u00e7 Kosov\u00ebn edhe para k\u00ebtij procesi. Vet\u00ebm se n\u00eb k\u00ebt\u00eb rast, me kalimin e viteve, ky \u00ebsht\u00eb tashm\u00eb nj\u00eb konflikt politik me nj\u00eb fatur\u00eb t\u00eb kripur jo p\u00ebr t\u00eb akuzuarit, por p\u00ebr t\u00eb gjith\u00eb popullin e Kosov\u00ebs. Madje edhe p\u00ebr vet\u00eb projektin e Kosov\u00ebs shtet i pavarur, demokratik e multietnik.<\/p>\n<p>Hashim Tha\u00e7i dhe tre ish-zyrtar\u00eb t\u00eb tjer\u00eb t\u00eb lart\u00eb t\u00eb shtetit e t\u00eb U\u00c7K, p\u00ebrfaq\u00ebsues t\u00eb nj\u00eb epoke heroike p\u00ebr Kosov\u00ebn, ndodhen sot p\u00ebrball\u00eb nj\u00eb procesi t\u00eb montuar i cili po p\u00ebrbalt prej vitesh t\u00eb gjith\u00eb Kosov\u00ebn. Paraqet t\u00eb shkuar\u00ebn e saj t\u00eb dhimbshme si nj\u00eb afer\u00eb trafiqesh njer\u00ebzore, shb\u00ebn luft\u00ebn e saj n\u00eb krah t\u00eb Per\u00ebndimit duke e paraqitur si nj\u00eb histori t\u00eb pis\u00ebt lufte civile me vrasje pas shpine brenda llojit dhe me abuzime t\u00eb cilat si padashje, si rast\u00ebsisht dhe ashtu spontanisht na afrojn\u00eb ne shqiptar\u00ebve me sojin m\u00eb t\u00eb keq t\u00eb kriminel\u00ebve t\u00eb luft\u00ebs s\u00eb ish-Jugosllavis\u00eb, q\u00eb ka kaluar n\u00ebp\u00ebr kalvarin nd\u00ebshkimor t\u00eb Hag\u00ebs.<\/p>\n<p>Kosova \u00ebsht\u00eb ulur sot me duart e nj\u00eb grupi t\u00eb frustruar e t\u00eb kompleksuar nd\u00ebrkomb\u00ebtar\u00ebsh n\u00eb t\u00eb nj\u00ebjt\u00ebn karrige ku dikur rrinte Milloshevi\u00e7i. Hi\u00e7 m\u00eb pak se kaq. \u00cbsht\u00eb e ulur aty edhe me duart dhe mendjen e mbrapsht\u00eb t\u00eb nj\u00eb numri shqiptar\u00ebsh, t\u00eb cil\u00ebt urrejtjen politike e personale e vendosin mbi \u00e7do kalkulim tjet\u00ebr shum\u00eb m\u00eb sublim dhe afatgjat\u00eb q\u00eb lidhet me imazhin, prestigjin dhe vet\u00ebdijen e Kosov\u00ebs s\u00eb re t\u00eb pasluft\u00ebs. Esht\u00eb bashkuar n\u00eb nj\u00eb baltosja nd\u00ebrshqiptare me interesat dhe mendjet antishqiptare.<\/p>\n<p>Pas luft\u00ebs s\u00eb vitit 1999, n\u00eb Per\u00ebndim nisi nj\u00eb proces i gjat\u00eb, i cili vijon ende, p\u00ebr t\u00eb shb\u00ebr\u00eb historin\u00eb dhe rikthyer pas e ridimensionuar fushat\u00ebn m\u00eb t\u00eb madhe humanitare t\u00eb pasluft\u00ebs s\u00eb Dyt\u00eb Bot\u00ebrore \u2013 at\u00eb t\u00eb goditjes s\u00eb regjimit kriminal serb q\u00eb shfarosi, shp\u00ebrnguli dhe dhunoi qindra mij\u00eb shqiptar\u00eb. Prej koh\u00ebsh q\u00eb tashm\u00eb s\u2019mbahen mend Serbis\u00eb aktuale, e cila drejtohet n\u00eb postet m\u00eb t\u00eb larta institucionale nga zgjatimet e dikurshme t\u00eb Sllobodan Milloshevi\u00e7it, i falet gjith\u00e7ka, i jepen mund\u00ebsi pas mund\u00ebsish, i ofrohet me insistim nj\u00eb vend n\u00eb tryez\u00ebn e klubit per\u00ebndimor pa\u00e7ka se flirton hapur e n\u00eb m\u00ebnyr\u00eb t\u00eb p\u00ebrs\u00ebritur me t\u00eb gjith\u00eb ata q\u00eb Per\u00ebndimi i konsideron si armiqt\u00eb e tij kryesor\u00eb. Aleate e Rusis\u00eb e Kin\u00ebs, por edhe e mikluara e Evrop\u00ebs e Amerik\u00ebs. Nj\u00eb alkimi q\u00eb mund t\u2019i tolerohet vet\u00ebm Beogradit.<\/p>\n<p>Ndaj Serbis\u00eb ka nj\u00eb trajtim indulgjent e dor\u00ebl\u00ebshuar, teksa z\u00ebra gjithnj\u00eb e m\u00eb insistues e shohin fushat\u00ebn e NATO-s mbi Serbi si nj\u00eb \u201cluft\u00eb kund\u00ebr nj\u00eb populli kristian\u201d. I fundit q\u00eb e b\u00ebri k\u00ebt\u00eb koment racist ishte djali i presidentit Trump, Don Junior gjat\u00eb nj\u00eb vizite n\u00eb Beograd.<\/p>\n<p>N\u00eb t\u00eb nj\u00ebjtin drejtim shtyjn\u00eb sot dhe nj\u00eb pjes\u00eb shqiptar\u00ebsh q\u00eb urrejn\u00eb U\u00c7K, PDK dhe t\u00eb gjitha siglat e tjera t\u00eb cilat n\u00eb nj\u00eb m\u00ebnyr\u00eb a nj\u00eb tjet\u00ebr e lidhin memorien kolektive me luft\u00ebn e vitit 1999. N\u00eb nj\u00eb tjet\u00ebr kontekst kjo do t\u00eb ishte nj\u00eb luft\u00eb e ul\u00ebt politike t\u00eb cil\u00ebn do ta zgjidhte vota e radh\u00ebs. Por kjo q\u00eb ndodh me Gjykat\u00ebn Speciale t\u00eb Hag\u00ebs nuk zgjidhet me zgjedhjet e radh\u00ebs. Kjo \u00ebsht\u00eb nj\u00eb damk\u00eb e cila po u zyrtarizua, do ta regjistroj\u00eb p\u00ebrjet\u00ebsisht lidershipin kosovar n\u00eb list\u00ebn e zez\u00eb t\u00eb Mlladi\u00e7\u00ebve dhe Karaxhi\u00e7\u00ebve, sipas parimit \u201ckan\u00eb kryer edhe shqiptar\u00ebt krime, jo vet\u00ebm serb\u00ebt, boshnjak\u00ebt e kroat\u00ebt\u201d!<\/p>\n<p>Pak dit\u00eb m\u00eb par\u00eb nj\u00eb p\u00ebrfaq\u00ebsuese e Vet\u00ebvendosjes b\u00ebnte sherr me t\u00eb gjith\u00eb t\u00eb ftuarit n\u00eb nj\u00eb studio debati n\u00eb Tiran\u00eb, duke mbrojtur iden\u00eb se n\u00eb Hag\u00eb nuk ndodhet Kosova, por individ\u00ebt Tha\u00e7i, Selimi, Krasniqi e Veseli. Nuk ka qasje m\u00eb naive, keqdash\u00ebse e drit\u00ebshkurt\u00ebr. Jan\u00eb po ata q\u00eb e len\u00eb sot Kosov\u00ebn pa qeveri, vet\u00ebm sepse vendosin arroganc\u00ebn politike mbi interesin e vendit.<\/p>\n<p>N\u00eb Hag\u00eb ndodhet Kosova, jo Tha\u00e7i e t\u00eb tjer\u00ebt. Po u sanksionua faj\u00ebsia e tyre p\u00ebr krime t\u00eb cilat kan\u00eb brenda sh\u00ebmtin\u00eb e raporteve t\u00eb Dick Martit p\u00ebr sht\u00ebpin\u00eb e verdh\u00eb apo p\u00ebr akuza q\u00eb synojn\u00eb ta transformojn\u00eb luft\u00ebn e U\u00c7K n\u00eb nj\u00eb konflikt civil bandash, d\u00ebmtohet jo vet\u00ebm e shkuara, por edhe ardhmja e Kosov\u00ebs, ashtu si\u00e7 e njohim sot. Ata q\u00eb kan\u00eb futur n\u00eb tharkun e gjykimit krer\u00ebt e luft\u00ebs s\u00eb Kosov\u00ebs k\u00ebrkojn\u00eb ta fusin edhe k\u00ebt\u00eb pjes\u00eb t\u00eb Ballkanit n\u00eb list\u00ebn gri t\u00eb krimeve e abuzimeve t\u00eb luft\u00ebs shfaros\u00ebse n\u00eb ish-Jugosllavi. Ky \u00ebsht\u00eb nj\u00eb projekt nd\u00ebshkimor p\u00ebr mbar\u00eb nj\u00eb popull, jo p\u00ebr kat\u00ebr burra q\u00eb jan\u00eb simboli i atij momenti kur Kosova form\u00ebsoi pavar\u00ebsin\u00eb e vet. Kush kujton se i shp\u00ebton k\u00ebsaj t\u00eb v\u00ebrtete t\u00eb thjesht\u00eb, po g\u00ebnjen veten. Dhe ata q\u00eb e ndjekin.<\/p>\n<p>The post <a href=\"https:\/\/lexo.al\/2025\/10\/skender-minxhozi-ne-hage-ndodhet-kosova-jo-hashimi-kadriu-jakupi-dhe-rexhepi\/\">Sk\u00ebnder Minxhozi: N\u00eb Hag\u00eb ndodhet Kosova, jo Hashimi, Kadriu, Jakupi dhe Rexhepi<\/a> appeared first on <a href=\"https:\/\/lexo.al\/\">www.lexo.al<\/a>.<\/p>","protected":false},"excerpt":{"rendered":"<p>Ata q\u00eb duan t\u00eb fshihen pas gishtit, n\u00eb lidhje me procesin disavje\u00e7ar q\u00eb po mbahet n\u00eb Hag\u00eb ndaj ish-krer\u00ebve t\u00eb Ushtris\u00eb \u00c7lirimtare t\u00eb Kosov\u00ebs, jan\u00eb t\u00eb lir\u00eb ta b\u00ebjn\u00eb k\u00ebt\u00eb edhe nes\u00ebr kur n\u00eb Tiran\u00eb do t\u00eb mbahet nj\u00eb protest\u00eb mbar\u00ebkomb\u00ebtare ndaj k\u00ebsaj tragjikomedie q\u00eb po luhet nga Dhomat Speciale t\u00eb Kosov\u00ebs. Fundja \u00ebsht\u00eb vet\u00ebm [&hellip;]<\/p>\n","protected":false},"author":0,"featured_media":0,"comment_status":"open","ping_status":"open","sticky":false,"template":"","format":"standard","meta":{"footnotes":""},"categories":[1],"tags":[],"class_list":["post-46939","post","type-post","status-publish","format-standard","hentry","category-uncategorized"],"_links":{"self":[{"href":"https:\/\/zennihost.com\/test\/wp-json\/wp\/v2\/posts\/46939","targetHints":{"allow":["GET"]}}],"collection":[{"href":"https:\/\/zennihost.com\/test\/wp-json\/wp\/v2\/posts"}],"about":[{"href":"https:\/\/zennihost.com\/test\/wp-json\/wp\/v2\/types\/post"}],"replies":[{"embeddable":true,"href":"https:\/\/zennihost.com\/test\/wp-json\/wp\/v2\/comments?post=46939"}],"version-history":[{"count":0,"href":"https:\/\/zennihost.com\/test\/wp-json\/wp\/v2\/posts\/46939\/revisions"}],"wp:attachment":[{"href":"https:\/\/zennihost.com\/test\/wp-json\/wp\/v2\/media?parent=46939"}],"wp:term":[{"taxonomy":"category","embeddable":true,"href":"https:\/\/zennihost.com\/test\/wp-json\/wp\/v2\/categories?post=46939"},{"taxonomy":"post_tag","embeddable":true,"href":"https:\/\/zennihost.com\/test\/wp-json\/wp\/v2\/tags?post=46939"}],"curies":[{"name":"wp","href":"https:\/\/api.w.org\/{rel}","templated":true}]}}