{"id":46938,"date":"2025-10-17T09:48:16","date_gmt":"2025-10-17T09:48:16","guid":{"rendered":"https:\/\/zennihost.com\/test\/2025\/10\/17\/deputeti-gjerman-pyet-qeverine-federale-per-ndalimin-erion-veliajt\/"},"modified":"2025-10-17T09:48:16","modified_gmt":"2025-10-17T09:48:16","slug":"deputeti-gjerman-pyet-qeverine-federale-per-ndalimin-erion-veliajt","status":"publish","type":"post","link":"https:\/\/zennihost.com\/test\/2025\/10\/17\/deputeti-gjerman-pyet-qeverine-federale-per-ndalimin-erion-veliajt\/","title":{"rendered":"Deputeti gjerman pyet qeverin\u00eb federale p\u00ebr ndalimin ERION Veliajt"},"content":{"rendered":"<p>Deputeti i Bundestagut gjerman, Andreas Mayer, i \u00ebsht\u00eb drejtuar Qeveris\u00eb Federale me nj\u00eb s\u00ebr\u00eb pyetjesh lidhur me situat\u00ebn e kryebashkiakut t\u00eb Tiran\u00ebs, Erion Veliaj, i cili ndodhet ende n\u00eb paraburgim pas 8 muajsh. Deputeti gjerman ka k\u00ebrkuar sqarime mbi ndikimin q\u00eb mund t\u00eb ket\u00eb rasti i Veliajt n\u00eb vler\u00ebsimin e procesit t\u00eb integrimit evropian t\u00eb Shqip\u00ebris\u00eb dhe n\u00eb perceptimin p\u00ebr gjendjen e sistemit t\u00eb drejt\u00ebsis\u00eb n\u00eb vend.<\/p>\n<p>N\u00eb pyetjet e tij, deputeti Meyer pyet se a \u00ebsht\u00eb i njohur p\u00ebr Qeverin\u00eb Federale rasti i Kryetarit t\u00eb Bashkis\u00eb s\u00eb Tiran\u00ebs, Erion Veliaj, i cili ndodhet n\u00eb paraburgim, me sa duket p\u00ebr nj\u00eb periudh\u00eb joproporcionale prej tet\u00eb muajsh, prej t\u00eb cil\u00ebve gjasht\u00eb pa akuz\u00eb, si dhe a \u00ebsht\u00eb e njohur p\u00ebr Qeverin\u00eb Federale vler\u00ebsimi p\u00ebr Shqip\u00ebrin\u00eb, sipas t\u00eb cilit si sistemi i drejt\u00ebsis\u00eb atje, ashtu edhe padit\u00eb ndaj kund\u00ebrshtar\u00ebve politik\u00eb dhe raportimet mediatike t\u00eb nj\u00ebanshme, p\u00ebrdoren si \u201carma politike\u201d p\u00ebr t\u00eb eliminuar kund\u00ebrshtar\u00ebt politik\u00eb dhe n\u00ebse po, cilat p\u00ebrfundime nxjerr ajo prej k\u00ebsaj n\u00eb lidhje me procesin e an\u00ebtar\u00ebsimit t\u00eb Shqip\u00ebris\u00eb n\u00eb BE?<\/p>\n<p>Deputeti gjerman i ka drejtuar qeveris\u00eb gjermane edhe pyetjen a jan\u00eb t\u00eb njohura p\u00ebr Qeverin\u00eb Federale raportimet mediatike, sipas t\u00eb cilave ka nd\u00ebrhyrje n\u00eb autonomin\u00eb e pushtetit vendor, dhe n\u00ebse po, cilat p\u00ebrfundime nxjerr ajo prej k\u00ebsaj n\u00eb lidhje me procesin e an\u00ebtar\u00ebsimit t\u00eb Shqip\u00ebris\u00eb n\u00eb BE?<\/p>\n<p>Nd\u00ebrkaq, n\u00eb p\u00ebrgjigjen e saj, Qeveria Federale Gjermane ka theksuar se: \u201cAshtu si Gjermania, edhe Shqip\u00ebria e ka ratifikuar Kart\u00ebn Evropiane t\u00eb Vet\u00ebqeverisjes Vendore dhe \u00ebsht\u00eb zotuar p\u00ebr respektimin e pavar\u00ebsis\u00eb politike, administrative dhe financiare t\u00eb nj\u00ebsive vendore. Qeveria Federale po ndjek zhvillimet p\u00ebrkat\u00ebse dhe do t\u00eb ndjek\u00eb me v\u00ebmendje t\u00eb ve\u00e7ant\u00eb rezultatet e vizit\u00ebs s\u00eb ardhshme t\u00eb rregullt t\u00eb monitorimit nga Kongresi i Pushteteve Vendore dhe Rajonale t\u00eb Evrop\u00ebs n\u00eb kuad\u00ebr t\u00eb Kart\u00ebs\u201d, thuhet n\u00eb p\u00ebrgjigjen e qeveris\u00eb federale gjermane.<\/p>\n\n<p>The post <a href=\"https:\/\/lexo.al\/2025\/10\/deputeti-gjerman-pyet-qeverine-federale-per-ndalimin-erion-veliajt\/\">Deputeti gjerman pyet qeverin\u00eb federale p\u00ebr ndalimin ERION Veliajt<\/a> appeared first on <a href=\"https:\/\/lexo.al\/\">www.lexo.al<\/a>.<\/p>","protected":false},"excerpt":{"rendered":"<p>Deputeti i Bundestagut gjerman, Andreas Mayer, i \u00ebsht\u00eb drejtuar Qeveris\u00eb Federale me nj\u00eb s\u00ebr\u00eb pyetjesh lidhur me situat\u00ebn e kryebashkiakut t\u00eb Tiran\u00ebs, Erion Veliaj, i cili ndodhet ende n\u00eb paraburgim pas 8 muajsh. Deputeti gjerman ka k\u00ebrkuar sqarime mbi ndikimin q\u00eb mund t\u00eb ket\u00eb rasti i Veliajt n\u00eb vler\u00ebsimin e procesit t\u00eb integrimit evropian t\u00eb [&hellip;]<\/p>\n","protected":false},"author":0,"featured_media":0,"comment_status":"open","ping_status":"open","sticky":false,"template":"","format":"standard","meta":{"footnotes":""},"categories":[1],"tags":[],"class_list":["post-46938","post","type-post","status-publish","format-standard","hentry","category-uncategorized"],"_links":{"self":[{"href":"https:\/\/zennihost.com\/test\/wp-json\/wp\/v2\/posts\/46938","targetHints":{"allow":["GET"]}}],"collection":[{"href":"https:\/\/zennihost.com\/test\/wp-json\/wp\/v2\/posts"}],"about":[{"href":"https:\/\/zennihost.com\/test\/wp-json\/wp\/v2\/types\/post"}],"replies":[{"embeddable":true,"href":"https:\/\/zennihost.com\/test\/wp-json\/wp\/v2\/comments?post=46938"}],"version-history":[{"count":0,"href":"https:\/\/zennihost.com\/test\/wp-json\/wp\/v2\/posts\/46938\/revisions"}],"wp:attachment":[{"href":"https:\/\/zennihost.com\/test\/wp-json\/wp\/v2\/media?parent=46938"}],"wp:term":[{"taxonomy":"category","embeddable":true,"href":"https:\/\/zennihost.com\/test\/wp-json\/wp\/v2\/categories?post=46938"},{"taxonomy":"post_tag","embeddable":true,"href":"https:\/\/zennihost.com\/test\/wp-json\/wp\/v2\/tags?post=46938"}],"curies":[{"name":"wp","href":"https:\/\/api.w.org\/{rel}","templated":true}]}}