{"id":46937,"date":"2025-10-17T09:48:16","date_gmt":"2025-10-17T09:48:16","guid":{"rendered":"https:\/\/zennihost.com\/test\/2025\/10\/17\/protesta-per-ish-kreret-e-uck-se-me-flamuj-kuq-e-zi-dhe-kenge-patriotike-qytetaret-e-pare-nga-kosova-drejt-tiranes-kerkojme-drejtesi-per-clirimtaret-tane\/"},"modified":"2025-10-17T09:48:16","modified_gmt":"2025-10-17T09:48:16","slug":"protesta-per-ish-kreret-e-uck-se-me-flamuj-kuq-e-zi-dhe-kenge-patriotike-qytetaret-e-pare-nga-kosova-drejt-tiranes-kerkojme-drejtesi-per-clirimtaret-tane","status":"publish","type":"post","link":"https:\/\/zennihost.com\/test\/2025\/10\/17\/protesta-per-ish-kreret-e-uck-se-me-flamuj-kuq-e-zi-dhe-kenge-patriotike-qytetaret-e-pare-nga-kosova-drejt-tiranes-kerkojme-drejtesi-per-clirimtaret-tane\/","title":{"rendered":"Protesta p\u00ebr ish-krer\u00ebt e U\u00c7K-s\u00eb\/ Me flamuj kuq e zi dhe k\u00ebng\u00eb patriotike, qytetar\u00ebt e par\u00eb nga Kosova drejt Tiran\u00ebs: K\u00ebrkojm\u00eb drejt\u00ebsi p\u00ebr \u00e7lirimtar\u00ebt tan\u00eb"},"content":{"rendered":"<p>Q\u00eb prej or\u00ebve t\u00eb para t\u00eb m\u00ebngjesit dhjetra qytetar\u00eb nga Kosova jan\u00eb nisur drejt Tiran\u00ebs p\u00ebr protest\u00ebn e cila do t\u00eb zhvillohet n\u00eb Sheshin Sk\u00ebnderbej p\u00ebr ish-luft\u00ebtar\u00ebt e U\u00c7K-s\u00eb<\/p>\n<p>Teksa kalojn\u00eb me makinat e tyre veshur me flamuj kuq e zi, flamuj t\u00eb U\u00c7K, k\u00ebng\u00eb patriotike dhe bluza t\u00eb stampuara \u2018Liria ka em\u00ebr\u2019, qytetar\u00ebt shprehen mjaft entuziast\u00eb p\u00ebr k\u00ebt\u00eb protest\u00eb t\u00eb organizuar nga Organizata e Veteran\u00ebve t\u00eb Luft\u00ebs s\u00eb U\u00c7K-s\u00eb.<\/p>\n<p>\u201cK\u00ebrkojm\u00eb drejt\u00ebsi p\u00ebr \u00e7lirimtar\u00ebt tan\u00eb; Jemi nisur p\u00ebr Tiran\u00eb p\u00ebr protest\u00ebn e organizuar nga veteran\u00ebt e U\u00c7K. I urojm\u00eb kthim sa m\u00eb shpejt n\u00eb Kosov\u00eb; Po shkojm\u00eb n\u00eb Shqip\u00ebri p\u00ebr protest\u00ebn. Urojm\u00eb q\u00eb t\u2019ia arrijm\u00eb q\u00eblllimit p\u00ebr t\u2019i liruar than\u00eb disa prej qytetar\u00ebve nga Kosova p\u00ebr Report Tv teksa po kalonon n\u00eb pik\u00ebn kufitare t\u00eb Morin\u00ebs<\/p>\n<p>The post <a href=\"https:\/\/lexo.al\/2025\/10\/protesta-per-ish-kreret-e-uck-se-me-flamuj-kuq-e-zi-dhe-kenge-patriotike-qytetaret-e-pare-nga-kosova-drejt-tiranes-kerkojme-drejtesi-per-clirimtaret-tane\/\">Protesta p\u00ebr ish-krer\u00ebt e U\u00c7K-s\u00eb\/ Me flamuj kuq e zi dhe k\u00ebng\u00eb patriotike, qytetar\u00ebt e par\u00eb nga Kosova drejt Tiran\u00ebs: K\u00ebrkojm\u00eb drejt\u00ebsi p\u00ebr \u00e7lirimtar\u00ebt tan\u00eb<\/a> appeared first on <a href=\"https:\/\/lexo.al\/\">www.lexo.al<\/a>.<\/p>","protected":false},"excerpt":{"rendered":"<p>Q\u00eb prej or\u00ebve t\u00eb para t\u00eb m\u00ebngjesit dhjetra qytetar\u00eb nga Kosova jan\u00eb nisur drejt Tiran\u00ebs p\u00ebr protest\u00ebn e cila do t\u00eb zhvillohet n\u00eb Sheshin Sk\u00ebnderbej p\u00ebr ish-luft\u00ebtar\u00ebt e U\u00c7K-s\u00eb Teksa kalojn\u00eb me makinat e tyre veshur me flamuj kuq e zi, flamuj t\u00eb U\u00c7K, k\u00ebng\u00eb patriotike dhe bluza t\u00eb stampuara \u2018Liria ka em\u00ebr\u2019, qytetar\u00ebt shprehen [&hellip;]<\/p>\n","protected":false},"author":0,"featured_media":0,"comment_status":"open","ping_status":"open","sticky":false,"template":"","format":"standard","meta":{"footnotes":""},"categories":[1],"tags":[],"class_list":["post-46937","post","type-post","status-publish","format-standard","hentry","category-uncategorized"],"_links":{"self":[{"href":"https:\/\/zennihost.com\/test\/wp-json\/wp\/v2\/posts\/46937","targetHints":{"allow":["GET"]}}],"collection":[{"href":"https:\/\/zennihost.com\/test\/wp-json\/wp\/v2\/posts"}],"about":[{"href":"https:\/\/zennihost.com\/test\/wp-json\/wp\/v2\/types\/post"}],"replies":[{"embeddable":true,"href":"https:\/\/zennihost.com\/test\/wp-json\/wp\/v2\/comments?post=46937"}],"version-history":[{"count":0,"href":"https:\/\/zennihost.com\/test\/wp-json\/wp\/v2\/posts\/46937\/revisions"}],"wp:attachment":[{"href":"https:\/\/zennihost.com\/test\/wp-json\/wp\/v2\/media?parent=46937"}],"wp:term":[{"taxonomy":"category","embeddable":true,"href":"https:\/\/zennihost.com\/test\/wp-json\/wp\/v2\/categories?post=46937"},{"taxonomy":"post_tag","embeddable":true,"href":"https:\/\/zennihost.com\/test\/wp-json\/wp\/v2\/tags?post=46937"}],"curies":[{"name":"wp","href":"https:\/\/api.w.org\/{rel}","templated":true}]}}