{"id":46936,"date":"2025-10-17T09:48:15","date_gmt":"2025-10-17T09:48:15","guid":{"rendered":"https:\/\/zennihost.com\/test\/2025\/10\/17\/moti-i-keq-pezullohet-lundrimi-i-mjeteve-te-vogla-detare-dhe-ato-te-peshkimit-ne-vlore\/"},"modified":"2025-10-17T09:48:15","modified_gmt":"2025-10-17T09:48:15","slug":"moti-i-keq-pezullohet-lundrimi-i-mjeteve-te-vogla-detare-dhe-ato-te-peshkimit-ne-vlore","status":"publish","type":"post","link":"https:\/\/zennihost.com\/test\/2025\/10\/17\/moti-i-keq-pezullohet-lundrimi-i-mjeteve-te-vogla-detare-dhe-ato-te-peshkimit-ne-vlore\/","title":{"rendered":"Moti i keq, pezullohet lundrimi i mjeteve t\u00eb vogla detare dhe ato t\u00eb peshkimit n\u00eb Vlor\u00eb"},"content":{"rendered":"<p>P\u00ebr shkak t\u00eb kushteve atmosferike dit\u00ebn e sotme, \u00ebsht\u00eb njoftuar pezullimi i lundrimit t\u00eb mjeteve t\u00eb vogla detare dhe ato t\u00eb peshkimit n\u00eb Vlor\u00eb.<\/p>\n<p>Ndalimi i daljes n\u00eb det p\u00ebr mjetet e vogla ka filluar q\u00eb prej or\u00ebs 09:00 t\u00eb m\u00ebngjesit t\u00eb sot\u00ebm e deri nes\u00ebr n\u00eb or\u00ebn 06:00, deri n\u00eb p\u00ebrmir\u00ebsim t\u00eb kushteve meteorologjike.<\/p>\n<p>Sakaq, anijet e transportit nd\u00ebrkomb\u00ebtar do t\u00eb vijojn\u00eb normalisht aktivitetin e tyre.<\/p>\n<p><strong>Njoftim p\u00ebr kushtet hidrometeorologjike t\u00eb p\u00ebrkeq\u00ebsuara gjat\u00eb datave 17-18.10.2025:<\/strong><\/p>\n<p><em>N\u00eb baz\u00eb t\u00eb parashikimit p\u00ebr situat\u00ebn hidrometeorologjike t\u00eb p\u00ebrkeq\u00ebsuar brenda dhe jasht\u00eb gjirit t\u00eb Vlor\u00ebs, gjat\u00eb datave 17-18.10.2025 duke filluar nga ora 09:00 dat\u00eb 17.10.2025 n\u00eb drejtimin JUG-JUGLINDJE n\u00eb forc\u00ebn deri 6-7bft me shpejt\u00ebsi ere deri 15-20m\/s dhe lart\u00ebsi dallge nga 1.50 deri 2.50 metra:<\/em><\/p>\n<p><em>1.\u00cbSHT\u00cb NDALUAR PAJISJA ME LEJE-NISJE I MJETEVE T\u00cb VOGLA LUNDRUESE DHE ATO T\u00cb PESHKIMIT T\u00cb CILAT DUAN T\u00cb OPEROJN\u00cb JASHT\u00cb GJIRIT T\u00cb VLOR\u00cbS N\u00cb DET T\u00cb HAPUR DUKE FILLUAR NGA ORA 09:00 dat\u00eb 17.10.2025 deri n\u00eb dat\u00eb 18.10.2025 n\u00eb or\u00ebn 06:00.<\/em><\/p>\n<p><em>2.T\u00cb GJITH\u00cb DREJTUESIT E MJETEVE T\u00cb VOGLA LUNDRUESE DHE ANIJEVE T\u00cb PESHKIMIT Q\u00cb OPEROJN\u00cb BRENDA DHE JASHT\u00cb GJIRIT T\u00cb VLOR\u00cbS T\u00cb MARIN N\u00cb KONSIDERAT\u00cb KUSHTET HIDROMETEOROLOGJIKE DHE MARJEN E MASAVE P\u00cbR SIGURIMIN E TYRE.<\/em><\/p>\n<p><em>3.ME Q\u00cbLLIM PARANDALIMIN E \u00c7DO SITUATE T\u00cb PAPRITUR P\u00cbR SHKAK T\u00cb KUSHTEVE ATMOSFERIKE, K\u00cbRKOJM\u00cb BASHK\u00cbPUNIMIN E T\u00cb GJITH\u00cb SUBJEKTEVE DHE INSTITUCIONEVE Q\u00cb USHTROJN\u00cb VEPRIMTARI N\u00cb FUSH\u00cbN E DETARIS\u00cb, P\u00cbR T\u00cb MARR\u00cb T\u00cb GJITHA MASAT E NEVOJSHME P\u00cbR SIGURIMIN E MJETEVE N\u00cb PORT DHE RRITJE E GADISHMERIS\u00cb S\u00cb EKUIPAZHIT N\u00cb MJETET LUNDRUESE.<\/em><\/p>\n<p><em>4.Anijet e transportit nd\u00ebrkomb\u00ebtar detar do t\u00eb vazhdojn\u00eb t\u00eb operojn\u00eb normalisht\u00eb sipas destinacioneve p\u00ebrkat\u00ebse.<\/em><\/p>\n<p><em>5.P\u00ebrmir\u00ebsimi i situat\u00ebs hidrometeorologjike t\u00eb p\u00ebrkeq\u00ebsuar p\u00ebr mjetet e vogla lundruese dhe t\u00eb peshkimit do t\u00eb jet\u00eb mbas or\u00ebs 06:00 t\u00eb dat\u00ebs 18.10.2025.<\/em><\/p>\n<p>The post <a href=\"https:\/\/gijotina.com\/moti-i-keq-pezullohet-lundrimi-i-mjeteve-te-vogla-detare-dhe-ato-te-peshkimit-ne-vlore\/\">Moti i keq, pezullohet lundrimi i mjeteve t\u00eb vogla detare dhe ato t\u00eb peshkimit n\u00eb Vlor\u00eb<\/a> appeared first on <a href=\"https:\/\/gijotina.com\/\">GIJOTINA<\/a>.<\/p>","protected":false},"excerpt":{"rendered":"<p>P\u00ebr shkak t\u00eb kushteve atmosferike dit\u00ebn e sotme, \u00ebsht\u00eb njoftuar pezullimi i lundrimit t\u00eb mjeteve t\u00eb vogla detare dhe ato t\u00eb peshkimit n\u00eb Vlor\u00eb. Ndalimi i daljes n\u00eb det p\u00ebr mjetet e vogla ka filluar q\u00eb prej or\u00ebs 09:00 t\u00eb m\u00ebngjesit t\u00eb sot\u00ebm e deri nes\u00ebr n\u00eb or\u00ebn 06:00, deri n\u00eb p\u00ebrmir\u00ebsim t\u00eb kushteve meteorologjike. [&hellip;]<\/p>\n","protected":false},"author":0,"featured_media":0,"comment_status":"open","ping_status":"open","sticky":false,"template":"","format":"standard","meta":{"footnotes":""},"categories":[1],"tags":[],"class_list":["post-46936","post","type-post","status-publish","format-standard","hentry","category-uncategorized"],"_links":{"self":[{"href":"https:\/\/zennihost.com\/test\/wp-json\/wp\/v2\/posts\/46936","targetHints":{"allow":["GET"]}}],"collection":[{"href":"https:\/\/zennihost.com\/test\/wp-json\/wp\/v2\/posts"}],"about":[{"href":"https:\/\/zennihost.com\/test\/wp-json\/wp\/v2\/types\/post"}],"replies":[{"embeddable":true,"href":"https:\/\/zennihost.com\/test\/wp-json\/wp\/v2\/comments?post=46936"}],"version-history":[{"count":0,"href":"https:\/\/zennihost.com\/test\/wp-json\/wp\/v2\/posts\/46936\/revisions"}],"wp:attachment":[{"href":"https:\/\/zennihost.com\/test\/wp-json\/wp\/v2\/media?parent=46936"}],"wp:term":[{"taxonomy":"category","embeddable":true,"href":"https:\/\/zennihost.com\/test\/wp-json\/wp\/v2\/categories?post=46936"},{"taxonomy":"post_tag","embeddable":true,"href":"https:\/\/zennihost.com\/test\/wp-json\/wp\/v2\/tags?post=46936"}],"curies":[{"name":"wp","href":"https:\/\/api.w.org\/{rel}","templated":true}]}}