{"id":46933,"date":"2025-10-17T09:48:14","date_gmt":"2025-10-17T09:48:14","guid":{"rendered":"https:\/\/zennihost.com\/test\/2025\/10\/17\/rikthehet-abissnet-superiore-ja-pese-sfidat-e-javes-se-7-te\/"},"modified":"2025-10-17T09:48:14","modified_gmt":"2025-10-17T09:48:14","slug":"rikthehet-abissnet-superiore-ja-pese-sfidat-e-javes-se-7-te","status":"publish","type":"post","link":"https:\/\/zennihost.com\/test\/2025\/10\/17\/rikthehet-abissnet-superiore-ja-pese-sfidat-e-javes-se-7-te\/","title":{"rendered":"Rikthehet \u201cAbissnet Superiore\u201d, ja pes\u00eb sfidat e jav\u00ebs s\u00eb 7-t\u00eb"},"content":{"rendered":"<p>Kampionati \u201cAbissnet Superiore\u201d rikthehet k\u00ebt\u00eb fundjav\u00eb, me ndeshjet e jav\u00ebs s\u00eb 7-t\u00eb q\u00eb do t\u00eb luhen t\u00eb shtun\u00ebn dhe t\u00eb diel\u00ebn.<\/p>\n<p>Bylis\u2013Vllaznia \u00ebsht\u00eb sfida hap\u00ebse e jav\u00ebs s\u00eb 7-t\u00eb, q\u00eb do t\u00eb luhet n\u00eb stadiumin \u201cAdush Mu\u00e7a\u201d n\u00eb ora 14:00. N\u00eb dy takimet e tjera t\u00eb s\u00eb shtun\u00ebs, Tirana do t\u00eb pres\u00eb Teut\u00ebn n\u00eb \u201cAir Albania\u201d nd\u00ebrsa Egnatia do t\u00eb p\u00ebrballet me Dinamo City-n n\u00eb \u201cArena Egnatia\u201d. T\u00eb dyja ndeshjet do t\u00eb luhen n\u00eb ora 17:00.<\/p>\n<p>T\u00eb diel\u00ebn do t\u00eb luhen dy sfidat e fundit t\u00eb k\u00ebsaj jave, n\u00eb ora 17:00. Elbasani do t\u00eb luaj\u00eb kund\u00ebr Vor\u00ebs n\u00eb \u201cElbasan Arena\u201d, nd\u00ebrsa Partizani do t\u00eb udh\u00ebtoj\u00eb drejt Vlor\u00ebs, ku do t\u00eb p\u00ebrballet me Flamurtarin.<\/p>\n<p><strong>Java 7<\/strong><\/p>\n<p>Bylis \u2013 Vllaznia\u00a0 18.10.2025 14:00<\/p>\n<p>Tirana \u2013 Teuta\u00a0 18.10.2025 17:00<\/p>\n<p>Egnatia \u2013 Dinamo City 18.10.2025 17:00<\/p>\n<p>AF Elbasani \u2013 FK Vora 19.10.2025 17:00<\/p>\n<p>Flamurtari \u2013 Partizani 19.10.2025 17:00<\/p>\n<p><strong>Renditja<\/strong><\/p>\n<p><strong>Nr.<\/strong><\/p>\n<p><strong>Skuadra<\/strong><br \/>\n<strong>P<\/strong><br \/>\n<strong>NL<\/strong><br \/>\n<strong>F<\/strong><br \/>\n<strong>B<\/strong><br \/>\n<strong>H<\/strong><br \/>\n<strong>GSh<\/strong><br \/>\n<strong>GP<\/strong><br \/>\n<strong>DG<\/strong><br \/>\n<strong>PP<\/strong><\/p>\n<p><strong>1<\/strong><\/p>\n<p><strong>Vllaznia<\/strong><br \/>\n<strong>13<\/strong><br \/>\n<strong>6<\/strong><br \/>\n<strong>4<\/strong><br \/>\n<strong>1<\/strong><br \/>\n<strong>1<\/strong><br \/>\n<strong>11<\/strong><br \/>\n<strong>5<\/strong><br \/>\n<strong>6<\/strong><br \/>\n<strong>0<\/strong><\/p>\n<p><strong>2<\/strong><\/p>\n<p><strong>Egnatia<\/strong><br \/>\n<strong>13<\/strong><br \/>\n<strong>6<\/strong><br \/>\n<strong>4<\/strong><br \/>\n<strong>1<\/strong><br \/>\n<strong>1<\/strong><br \/>\n<strong>7<\/strong><br \/>\n<strong>4<\/strong><br \/>\n<strong>3<\/strong><br \/>\n<strong>0<\/strong><\/p>\n<p><strong>3<\/strong><\/p>\n<p><strong>AF Elbasani<\/strong><br \/>\n<strong>11<\/strong><br \/>\n<strong>6<\/strong><br \/>\n<strong>3<\/strong><br \/>\n<strong>2<\/strong><br \/>\n<strong>1<\/strong><br \/>\n<strong>4<\/strong><br \/>\n<strong>2<\/strong><br \/>\n<strong>2<\/strong><br \/>\n<strong>0<\/strong><\/p>\n<p><strong>4<\/strong><\/p>\n<p><strong>Dinamo City<\/strong><br \/>\n<strong>10<\/strong><br \/>\n<strong>6<\/strong><br \/>\n<strong>3<\/strong><br \/>\n<strong>1<\/strong><br \/>\n<strong>2<\/strong><br \/>\n<strong>7<\/strong><br \/>\n<strong>4<\/strong><br \/>\n<strong>3<\/strong><br \/>\n<strong>0<\/strong><\/p>\n<p><strong>5<\/strong><\/p>\n<p><strong>Teuta<\/strong><br \/>\n<strong>10<\/strong><br \/>\n<strong>6<\/strong><br \/>\n<strong>2<\/strong><br \/>\n<strong>4<\/strong><br \/>\n<strong>0<\/strong><br \/>\n<strong>4<\/strong><br \/>\n<strong>2<\/strong><br \/>\n<strong>2<\/strong><br \/>\n<strong>0<\/strong><\/p>\n<p><strong>6<\/strong><\/p>\n<p><strong>FK Vora<\/strong><br \/>\n<strong>7<\/strong><br \/>\n<strong>6<\/strong><br \/>\n<strong>2<\/strong><br \/>\n<strong>1<\/strong><br \/>\n<strong>3<\/strong><br \/>\n<strong>5<\/strong><br \/>\n<strong>6<\/strong><br \/>\n<strong>-1<\/strong><br \/>\n<strong>0<\/strong><\/p>\n<p><strong>7<\/strong><\/p>\n<p><strong>Bylis<\/strong><br \/>\n<strong>6<\/strong><br \/>\n<strong>6<\/strong><br \/>\n<strong>1<\/strong><br \/>\n<strong>3<\/strong><br \/>\n<strong>2<\/strong><br \/>\n<strong>6<\/strong><br \/>\n<strong>6<\/strong><br \/>\n<strong>0<\/strong><br \/>\n<strong>0<\/strong><\/p>\n<p><strong>8<\/strong><\/p>\n<p><strong>Tirana<\/strong><br \/>\n<strong>5<\/strong><br \/>\n<strong>6<\/strong><br \/>\n<strong>1<\/strong><br \/>\n<strong>2<\/strong><br \/>\n<strong>3<\/strong><br \/>\n<strong>6<\/strong><br \/>\n<strong>8<\/strong><br \/>\n<strong>-2<\/strong><br \/>\n<strong>0<\/strong><\/p>\n<p><strong>9<\/strong><\/p>\n<p><strong>Partizani<\/strong><br \/>\n<strong>4<\/strong><br \/>\n<strong>6<\/strong><br \/>\n<strong>1<\/strong><br \/>\n<strong>1<\/strong><br \/>\n<strong>4<\/strong><br \/>\n<strong>3<\/strong><br \/>\n<strong>11<\/strong><br \/>\n<strong>-8<\/strong><br \/>\n<strong>0<\/strong><\/p>\n<p><strong>10<\/strong><\/p>\n<p><strong>Flamurtari<\/strong><br \/>\n<strong>2<\/strong><br \/>\n<strong>6<\/strong><br \/>\n<strong>0<\/strong><br \/>\n<strong>2<\/strong><br \/>\n<strong>4<\/strong><br \/>\n<strong>5<\/strong><br \/>\n<strong>10<\/strong><br \/>\n<strong>-5<\/strong><br \/>\n<strong>0<\/strong><\/p>\n<p>The post <a href=\"https:\/\/gijotina.com\/rikthehet-abissnet-superiore-ja-pese-sfidat-e-javes-se-7-te\/\">Rikthehet \u201cAbissnet Superiore\u201d, ja pes\u00eb sfidat e jav\u00ebs s\u00eb 7-t\u00eb<\/a> appeared first on <a href=\"https:\/\/gijotina.com\/\">GIJOTINA<\/a>.<\/p>","protected":false},"excerpt":{"rendered":"<p>Kampionati \u201cAbissnet Superiore\u201d rikthehet k\u00ebt\u00eb fundjav\u00eb, me ndeshjet e jav\u00ebs s\u00eb 7-t\u00eb q\u00eb do t\u00eb luhen t\u00eb shtun\u00ebn dhe t\u00eb diel\u00ebn. Bylis\u2013Vllaznia \u00ebsht\u00eb sfida hap\u00ebse e jav\u00ebs s\u00eb 7-t\u00eb, q\u00eb do t\u00eb luhet n\u00eb stadiumin \u201cAdush Mu\u00e7a\u201d n\u00eb ora 14:00. N\u00eb dy takimet e tjera t\u00eb s\u00eb shtun\u00ebs, Tirana do t\u00eb pres\u00eb Teut\u00ebn n\u00eb \u201cAir [&hellip;]<\/p>\n","protected":false},"author":0,"featured_media":0,"comment_status":"open","ping_status":"open","sticky":false,"template":"","format":"standard","meta":{"footnotes":""},"categories":[1],"tags":[],"class_list":["post-46933","post","type-post","status-publish","format-standard","hentry","category-uncategorized"],"_links":{"self":[{"href":"https:\/\/zennihost.com\/test\/wp-json\/wp\/v2\/posts\/46933","targetHints":{"allow":["GET"]}}],"collection":[{"href":"https:\/\/zennihost.com\/test\/wp-json\/wp\/v2\/posts"}],"about":[{"href":"https:\/\/zennihost.com\/test\/wp-json\/wp\/v2\/types\/post"}],"replies":[{"embeddable":true,"href":"https:\/\/zennihost.com\/test\/wp-json\/wp\/v2\/comments?post=46933"}],"version-history":[{"count":0,"href":"https:\/\/zennihost.com\/test\/wp-json\/wp\/v2\/posts\/46933\/revisions"}],"wp:attachment":[{"href":"https:\/\/zennihost.com\/test\/wp-json\/wp\/v2\/media?parent=46933"}],"wp:term":[{"taxonomy":"category","embeddable":true,"href":"https:\/\/zennihost.com\/test\/wp-json\/wp\/v2\/categories?post=46933"},{"taxonomy":"post_tag","embeddable":true,"href":"https:\/\/zennihost.com\/test\/wp-json\/wp\/v2\/tags?post=46933"}],"curies":[{"name":"wp","href":"https:\/\/api.w.org\/{rel}","templated":true}]}}