{"id":46932,"date":"2025-10-17T09:48:14","date_gmt":"2025-10-17T09:48:14","guid":{"rendered":"https:\/\/zennihost.com\/test\/2025\/10\/17\/7-pike-ne-tre-ndeshjet-e-fundit-kosova-i-rinovon-kontraten-me-franco-foden\/"},"modified":"2025-10-17T09:48:14","modified_gmt":"2025-10-17T09:48:14","slug":"7-pike-ne-tre-ndeshjet-e-fundit-kosova-i-rinovon-kontraten-me-franco-foden","status":"publish","type":"post","link":"https:\/\/zennihost.com\/test\/2025\/10\/17\/7-pike-ne-tre-ndeshjet-e-fundit-kosova-i-rinovon-kontraten-me-franco-foden\/","title":{"rendered":"7 pik\u00eb n\u00eb tre ndeshjet e fundit, Kosova i rinovon kontrat\u00ebn me Franco Fod\u00ebn"},"content":{"rendered":"<p>P\u00ebrfaq\u00ebsuesja e Kosov\u00ebs po \u201c\u00e7mend\u201d Europ\u00ebn dhe m\u00eb gjer\u00eb me kualifikueset e \u201cBot\u00ebrorit 2026\u201d. Pas humbjes s\u00eb \u201csh\u00ebmtuar\u201d ndaj Zvicr\u00ebs n\u00eb Basel, \u201cDardan\u00ebt\u201d e kan\u00eb rritur \u201cpjac\u00ebn\u201d n\u00eb rezultate, e p\u00ebrkthyer me 7 pik\u00eb n\u00eb 3 ndeshjet e fundit, konkretisht dy fitore ndaj Suedis\u00eb dhe barazimi me Sllovenin\u00eb.<\/p>\n<p>Aktualisht ata mbajn\u00eb vendin e dyt\u00eb n\u00eb Grupin B dhe shanset q\u00eb t\u00eb arrijn\u00eb \u201cplay-off\u201d jan\u00eb t\u00eb m\u00ebdha. \u201cArkitekti\u201d i komb\u00ebtares s\u00eb Kosov\u00ebs \u00ebsht\u00eb padiskutim trajneri gjerman Franco Foda.<\/p>\n<div class=\"firstP\">\n<p>Foda do t\u00eb vijoj\u00eb t\u00eb drejtoj\u00eb p\u00ebrfaq\u00ebsuesen e Kosov\u00ebs, pasi Federata e Futbollit e Kosov\u00ebs ka zyrtarizuar rinovimin e kontrat\u00ebs me trajnerin gjerman deri n\u00eb vitin 2027.<\/p>\n<div class=\"clearfix\">Lajmi u konfirmua nga nj\u00eb njoftim zyrtar i FFK-s\u00eb, ku theksohet se marr\u00ebveshja \u00ebsht\u00eb formalizuar m\u00eb 6 tetor, n\u00eb dit\u00ebn e par\u00eb t\u00eb grumbullimit t\u00eb ekipit komb\u00ebtar p\u00ebr ndeshjet e muajit tetor.<\/div>\n<\/div>\n<p>Sipas Federat\u00ebs, kontrata e Fodas p\u00ebrfshin edhe nj\u00eb klauzol\u00eb automatike rinovimi, e cila hyn n\u00eb fuqi n\u00ebse Kosova arrin t\u00eb kualifikohet n\u00eb Kampionatin Europian t\u00eb ardhsh\u00ebm.<\/p>\n<p>Njoftimi i FFK-s\u00eb:<\/p>\n<p><em>\u201cFederata e Futbollit e Kosov\u00ebs ka k\u00ebnaq\u00ebsin\u00eb t\u00eb njoftoj\u00eb se ka zyrtarizuar marr\u00ebveshjen e m\u00ebhershme me p\u00ebrzgjedh\u00ebsin Franco Foda p\u00ebr t\u00eb vazhduar bashk\u00ebpunimin edhe p\u00ebr 2 vite. Kontrata \u00ebsht\u00eb n\u00ebnshkruar nga Presidenti Agim Ademi dhe trajneri Foda, duke konfirmuar q\u00ebndrimin e tij n\u00eb krye t\u00eb ekipit komb\u00ebtar deri n\u00eb vitin 2027.\u201d<\/em><\/p>\n<p>Foda, i cili mori drejtimin e Kosov\u00ebs m\u00eb her\u00ebt n\u00eb vitin 2024, ka si q\u00ebllim t\u00eb af\u00ebrt t\u00eb rind\u00ebrtoj\u00eb nj\u00eb ekip konkurrues dhe t\u00eb \u00e7oj\u00eb \u201cDardan\u00ebt\u201d drejt nj\u00eb kualifikimi historik n\u00eb nj\u00eb turne madhor. Me kontrat\u00ebn e re, ai ka mb\u00ebshtetjen e plot\u00eb t\u00eb Federat\u00ebs p\u00ebr t\u00eb nd\u00ebrtuar nj\u00eb projekt afatgjat\u00eb dhe p\u00ebr t\u00eb zhvilluar talentet e futbollit kosovar.<\/p>\n<p>The post <a href=\"https:\/\/gijotina.com\/7-pike-ne-tre-ndeshjet-e-fundit-kosova-i-rinovon-kontraten-me-franco-foden\/\">7 pik\u00eb n\u00eb tre ndeshjet e fundit, Kosova i rinovon kontrat\u00ebn me Franco Fod\u00ebn<\/a> appeared first on <a href=\"https:\/\/gijotina.com\/\">GIJOTINA<\/a>.<\/p>","protected":false},"excerpt":{"rendered":"<p>P\u00ebrfaq\u00ebsuesja e Kosov\u00ebs po \u201c\u00e7mend\u201d Europ\u00ebn dhe m\u00eb gjer\u00eb me kualifikueset e \u201cBot\u00ebrorit 2026\u201d. Pas humbjes s\u00eb \u201csh\u00ebmtuar\u201d ndaj Zvicr\u00ebs n\u00eb Basel, \u201cDardan\u00ebt\u201d e kan\u00eb rritur \u201cpjac\u00ebn\u201d n\u00eb rezultate, e p\u00ebrkthyer me 7 pik\u00eb n\u00eb 3 ndeshjet e fundit, konkretisht dy fitore ndaj Suedis\u00eb dhe barazimi me Sllovenin\u00eb. Aktualisht ata mbajn\u00eb vendin e dyt\u00eb n\u00eb [&hellip;]<\/p>\n","protected":false},"author":0,"featured_media":0,"comment_status":"open","ping_status":"open","sticky":false,"template":"","format":"standard","meta":{"footnotes":""},"categories":[1],"tags":[],"class_list":["post-46932","post","type-post","status-publish","format-standard","hentry","category-uncategorized"],"_links":{"self":[{"href":"https:\/\/zennihost.com\/test\/wp-json\/wp\/v2\/posts\/46932","targetHints":{"allow":["GET"]}}],"collection":[{"href":"https:\/\/zennihost.com\/test\/wp-json\/wp\/v2\/posts"}],"about":[{"href":"https:\/\/zennihost.com\/test\/wp-json\/wp\/v2\/types\/post"}],"replies":[{"embeddable":true,"href":"https:\/\/zennihost.com\/test\/wp-json\/wp\/v2\/comments?post=46932"}],"version-history":[{"count":0,"href":"https:\/\/zennihost.com\/test\/wp-json\/wp\/v2\/posts\/46932\/revisions"}],"wp:attachment":[{"href":"https:\/\/zennihost.com\/test\/wp-json\/wp\/v2\/media?parent=46932"}],"wp:term":[{"taxonomy":"category","embeddable":true,"href":"https:\/\/zennihost.com\/test\/wp-json\/wp\/v2\/categories?post=46932"},{"taxonomy":"post_tag","embeddable":true,"href":"https:\/\/zennihost.com\/test\/wp-json\/wp\/v2\/tags?post=46932"}],"curies":[{"name":"wp","href":"https:\/\/api.w.org\/{rel}","templated":true}]}}