{"id":46931,"date":"2025-10-17T09:48:14","date_gmt":"2025-10-17T09:48:14","guid":{"rendered":"https:\/\/zennihost.com\/test\/2025\/10\/17\/gjykata-e-larte-e-la-ne-burg-ilir-meta-ben-perpjekjen-e-radhes\/"},"modified":"2025-10-17T09:48:14","modified_gmt":"2025-10-17T09:48:14","slug":"gjykata-e-larte-e-la-ne-burg-ilir-meta-ben-perpjekjen-e-radhes","status":"publish","type":"post","link":"https:\/\/zennihost.com\/test\/2025\/10\/17\/gjykata-e-larte-e-la-ne-burg-ilir-meta-ben-perpjekjen-e-radhes\/","title":{"rendered":"Gjykata e Lart\u00eb e la n\u00eb burg, Ilir Meta b\u00ebn p\u00ebrpjekjen e radh\u00ebs"},"content":{"rendered":"<p>Nj\u00eb dit\u00eb pasi d\u00ebshtoi n\u00eb Gjykat\u00ebn e Lart\u00eb, Ilir Meta b\u00ebn p\u00ebrpjekjen e radh\u00ebs ne Apelin e Posa\u00e7\u00ebm, ku k\u00ebrkon shfuqizim t\u00eb mas\u00ebs \u201carrest n\u00eb burg\u201d.<\/p>\n<p>Ish-presidenti, q\u00eb q\u00ebndron n\u00eb qeli prej nj\u00eb viti, i k\u00ebrkoi Gjykat\u00ebs s\u00eb Lart\u00eb t\u00eb shfuqizoj\u00eb vendimet e Shkall\u00ebs s\u00eb Par\u00eb dhe Apelit t\u00eb Posa\u00e7\u00ebm, q\u00eb refuzuan lirimin e tij, por edhe Gjykata e Larta e la n\u00eb burg.<\/p>\n<p>Dosja ndaj Met\u00ebs dhe t\u00eb bashk\u00ebpandehurve t\u00eb tjer\u00eb, ku ish-presidenti akuzohet p\u00ebr \u201ckorrupsion\u201d, \u201cshp\u00ebrdorim t\u00eb detyr\u00ebs\u201d dhe \u201cfshehje e mosdeklarim t\u00eb pasuris\u00eb\u201d, ndodhet n\u00eb faz\u00ebn e shqyrtimit paraprak n\u00eb Gjykat\u00ebn e Posa\u00e7me.<\/p>\n<p>The post <a href=\"https:\/\/gijotina.com\/gjykata-e-larte-e-la-ne-burg-ilir-meta-ben-perpjekjen-e-radhes\/\">Gjykata e Lart\u00eb e la n\u00eb burg, Ilir Meta b\u00ebn p\u00ebrpjekjen e radh\u00ebs<\/a> appeared first on <a href=\"https:\/\/gijotina.com\/\">GIJOTINA<\/a>.<\/p>","protected":false},"excerpt":{"rendered":"<p>Nj\u00eb dit\u00eb pasi d\u00ebshtoi n\u00eb Gjykat\u00ebn e Lart\u00eb, Ilir Meta b\u00ebn p\u00ebrpjekjen e radh\u00ebs ne Apelin e Posa\u00e7\u00ebm, ku k\u00ebrkon shfuqizim t\u00eb mas\u00ebs \u201carrest n\u00eb burg\u201d. Ish-presidenti, q\u00eb q\u00ebndron n\u00eb qeli prej nj\u00eb viti, i k\u00ebrkoi Gjykat\u00ebs s\u00eb Lart\u00eb t\u00eb shfuqizoj\u00eb vendimet e Shkall\u00ebs s\u00eb Par\u00eb dhe Apelit t\u00eb Posa\u00e7\u00ebm, q\u00eb refuzuan lirimin e tij, [&hellip;]<\/p>\n","protected":false},"author":0,"featured_media":0,"comment_status":"open","ping_status":"open","sticky":false,"template":"","format":"standard","meta":{"footnotes":""},"categories":[1],"tags":[],"class_list":["post-46931","post","type-post","status-publish","format-standard","hentry","category-uncategorized"],"_links":{"self":[{"href":"https:\/\/zennihost.com\/test\/wp-json\/wp\/v2\/posts\/46931","targetHints":{"allow":["GET"]}}],"collection":[{"href":"https:\/\/zennihost.com\/test\/wp-json\/wp\/v2\/posts"}],"about":[{"href":"https:\/\/zennihost.com\/test\/wp-json\/wp\/v2\/types\/post"}],"replies":[{"embeddable":true,"href":"https:\/\/zennihost.com\/test\/wp-json\/wp\/v2\/comments?post=46931"}],"version-history":[{"count":0,"href":"https:\/\/zennihost.com\/test\/wp-json\/wp\/v2\/posts\/46931\/revisions"}],"wp:attachment":[{"href":"https:\/\/zennihost.com\/test\/wp-json\/wp\/v2\/media?parent=46931"}],"wp:term":[{"taxonomy":"category","embeddable":true,"href":"https:\/\/zennihost.com\/test\/wp-json\/wp\/v2\/categories?post=46931"},{"taxonomy":"post_tag","embeddable":true,"href":"https:\/\/zennihost.com\/test\/wp-json\/wp\/v2\/tags?post=46931"}],"curies":[{"name":"wp","href":"https:\/\/api.w.org\/{rel}","templated":true}]}}