{"id":46926,"date":"2025-10-17T08:48:47","date_gmt":"2025-10-17T08:48:47","guid":{"rendered":"https:\/\/zennihost.com\/test\/2025\/10\/17\/flota-e-pastrimit-e-tiranes-zgjerohet-me-mjete-te-reja-mengra-qytetaret-te-na-ndihmojne-ta-mbajme-qytetin-tone-te-paster\/"},"modified":"2025-10-17T08:48:47","modified_gmt":"2025-10-17T08:48:47","slug":"flota-e-pastrimit-e-tiranes-zgjerohet-me-mjete-te-reja-mengra-qytetaret-te-na-ndihmojne-ta-mbajme-qytetin-tone-te-paster","status":"publish","type":"post","link":"https:\/\/zennihost.com\/test\/2025\/10\/17\/flota-e-pastrimit-e-tiranes-zgjerohet-me-mjete-te-reja-mengra-qytetaret-te-na-ndihmojne-ta-mbajme-qytetin-tone-te-paster\/","title":{"rendered":"Flota e pastrimit e Tiran\u00ebs zgjerohet me mjete t\u00eb reja, M\u00ebngra: Qytetar\u00ebt t\u00eb na ndihmojn\u00eb ta mbajm\u00eb qytetin ton\u00eb t\u00eb past\u00ebr"},"content":{"rendered":"<p>Flota e pastrimit t\u00eb qytetit t\u00eb Tiran\u00ebs \u00ebsht\u00eb shtuar me 9 mjete t\u00eb reja t\u00eb tonazhit t\u00eb r\u00ebnd\u00eb n\u00eb kuad\u00ebr t\u00eb p\u00ebrmir\u00ebsimit t\u00eb sh\u00ebrbimeve t\u00eb pastrimit dhe menaxhimit t\u00eb mbetjeve urbane.<br \/>\nGjat\u00eb inspektimit t\u00eb flot\u00ebs s\u00eb re, n\u00ebnkryetari i Bashkis\u00eb s\u00eb Tiran\u00ebs, Ilir M\u00ebngra, vler\u00ebsoi pun\u00ebn e kompanis\u00eb \u201cEco Tirana\u201d dhe apeloi p\u00ebr m\u00eb shum\u00eb bashk\u00ebpunim nga qytetar\u00ebt p\u00ebr t\u00eb mbajtur kryeqytetin t\u00eb past\u00ebr.<\/p>\n<p>\u2028\u2028\u201cJemi k\u00ebtu n\u00eb kompanin\u00eb \u201cEco-Tirana\u201d, p\u00eb rt\u00eb par\u00eb nj\u00eb flot\u00eb t\u00eb shtuar q\u00eb kompania ka sjell\u00eb p\u00ebr t\u00eb p\u00ebrmir\u00ebsuar sh\u00ebrbimin e qytetit, p\u00ebr sa i p\u00ebrket pastrimit. P\u00ebrfitoj nga rasti p\u00ebr t\u00eb th\u00ebn\u00eb nj\u00eb k\u00ebrkes\u00eb q\u00eb ndoshta \u00ebsht\u00eb p\u00ebrs\u00ebritur shum\u00eb her\u00eb, por mendoj q\u00eb p\u00ebrs\u00ebri vlen. Qytetar\u00ebt duhet t\u00eb na ndihmojn\u00eb, q\u00eb ta kryejm\u00eb sa m\u00eb mir\u00eb pun\u00ebn ton\u00eb. Si b\u00ebhet kjo? Fare thjesht\u00eb! Ashtu si\u00e7 secili prej nesh mban past\u00ebr sht\u00ebpin\u00eb e tij, ashtu duhet edhe t\u00eb mbajm\u00eb ambientin ton\u00eb t\u00eb p\u00ebrbashk\u00ebt, sepse qyteti \u00ebsht\u00eb familja jon\u00eb e madhe, sht\u00ebpia jon\u00eb e p\u00ebrbashk\u00ebt. Ne jemi k\u00ebtu p\u00ebr t\u00eb punuar, Bashkia ka punuar, do vijoj\u00eb t\u00eb punoj\u00eb\u201d, deklaroi Ilir M\u00ebngra.\u2028<\/p>\n<p>Administratori i kompanis\u00eb \u201cEco Tirana\u201d, Diego Testi, fal\u00ebnderoi Bashkin\u00eb e Tiran\u00ebs p\u00ebr mb\u00ebshtetjen dhe bashk\u00ebpunimin e vazhduesh\u00ebm, duke theksuar r\u00ebnd\u00ebsin\u00eb e investimeve t\u00eb reja n\u00eb funksion t\u00eb qytetit q\u00eb po rritet me shpejt\u00ebsi.<br \/>\n\u201cSynojm\u00eb t\u00eb evidentojm\u00eb kontributin e nd\u00ebrmarrjeve publike t\u00eb Bashkis\u00eb, sa i p\u00ebrket p\u00ebrmir\u00ebsimit t\u00eb situat\u00ebs s\u00eb pastrimit n\u00eb qytet, n\u00eb sh\u00ebrbim t\u00eb qytetar\u00ebve. Shpresojm\u00eb t\u00eb ecim p\u00ebrpara dhe t\u00eb kryejm\u00eb investime t\u00eb reja, sepse qyteti \u00ebsht\u00eb rritur. \u00cbsht\u00eb nj\u00eb kryeqytet me r\u00ebnd\u00ebsi dhe ne duhet t\u00eb p\u00ebrgatitemi p\u00ebr t\u2019i paraprir\u00eb t\u00eb ardhmes q\u00eb po vjen\u201d, tha Testi.<br \/>\nShtimi i flot\u00ebs s\u00eb re t\u00eb mjeteve t\u00eb pastrimit vjen si pjes\u00eb e p\u00ebrpjekjeve t\u00eb Bashkis\u00eb s\u00eb Tiran\u00ebs p\u00ebr t\u00eb rritur cil\u00ebsin\u00eb e sh\u00ebrbimeve dhe p\u00ebr t\u00eb garantuar nj\u00eb mjedis m\u00eb t\u00eb past\u00ebr e m\u00eb t\u00eb sh\u00ebndetsh\u00ebm p\u00ebr t\u00eb gjith\u00eb qytetar\u00ebt.<\/p>\n<p>The post <a href=\"https:\/\/lexo.al\/2025\/10\/flota-e-pastrimit-e-tiranes-zgjerohet-me-mjete-te-reja-mengra-qytetaret-te-na-ndihmojne-ta-mbajme-qytetin-tone-te-paster\/\">Flota e pastrimit e Tiran\u00ebs zgjerohet me mjete t\u00eb reja, M\u00ebngra: Qytetar\u00ebt t\u00eb na ndihmojn\u00eb ta mbajm\u00eb qytetin ton\u00eb t\u00eb past\u00ebr<\/a> appeared first on <a href=\"https:\/\/lexo.al\/\">www.lexo.al<\/a>.<\/p>","protected":false},"excerpt":{"rendered":"<p>Flota e pastrimit t\u00eb qytetit t\u00eb Tiran\u00ebs \u00ebsht\u00eb shtuar me 9 mjete t\u00eb reja t\u00eb tonazhit t\u00eb r\u00ebnd\u00eb n\u00eb kuad\u00ebr t\u00eb p\u00ebrmir\u00ebsimit t\u00eb sh\u00ebrbimeve t\u00eb pastrimit dhe menaxhimit t\u00eb mbetjeve urbane. Gjat\u00eb inspektimit t\u00eb flot\u00ebs s\u00eb re, n\u00ebnkryetari i Bashkis\u00eb s\u00eb Tiran\u00ebs, Ilir M\u00ebngra, vler\u00ebsoi pun\u00ebn e kompanis\u00eb \u201cEco Tirana\u201d dhe apeloi p\u00ebr m\u00eb shum\u00eb [&hellip;]<\/p>\n","protected":false},"author":0,"featured_media":0,"comment_status":"open","ping_status":"open","sticky":false,"template":"","format":"standard","meta":{"footnotes":""},"categories":[1],"tags":[],"class_list":["post-46926","post","type-post","status-publish","format-standard","hentry","category-uncategorized"],"_links":{"self":[{"href":"https:\/\/zennihost.com\/test\/wp-json\/wp\/v2\/posts\/46926","targetHints":{"allow":["GET"]}}],"collection":[{"href":"https:\/\/zennihost.com\/test\/wp-json\/wp\/v2\/posts"}],"about":[{"href":"https:\/\/zennihost.com\/test\/wp-json\/wp\/v2\/types\/post"}],"replies":[{"embeddable":true,"href":"https:\/\/zennihost.com\/test\/wp-json\/wp\/v2\/comments?post=46926"}],"version-history":[{"count":0,"href":"https:\/\/zennihost.com\/test\/wp-json\/wp\/v2\/posts\/46926\/revisions"}],"wp:attachment":[{"href":"https:\/\/zennihost.com\/test\/wp-json\/wp\/v2\/media?parent=46926"}],"wp:term":[{"taxonomy":"category","embeddable":true,"href":"https:\/\/zennihost.com\/test\/wp-json\/wp\/v2\/categories?post=46926"},{"taxonomy":"post_tag","embeddable":true,"href":"https:\/\/zennihost.com\/test\/wp-json\/wp\/v2\/tags?post=46926"}],"curies":[{"name":"wp","href":"https:\/\/api.w.org\/{rel}","templated":true}]}}