{"id":46925,"date":"2025-10-17T08:48:46","date_gmt":"2025-10-17T08:48:46","guid":{"rendered":"https:\/\/zennihost.com\/test\/2025\/10\/17\/kfor-mirepresim-respektimin-e-marreveshjes-per-dislokimin-e-fsk-se-ne-veri\/"},"modified":"2025-10-17T08:48:46","modified_gmt":"2025-10-17T08:48:46","slug":"kfor-mirepresim-respektimin-e-marreveshjes-per-dislokimin-e-fsk-se-ne-veri","status":"publish","type":"post","link":"https:\/\/zennihost.com\/test\/2025\/10\/17\/kfor-mirepresim-respektimin-e-marreveshjes-per-dislokimin-e-fsk-se-ne-veri\/","title":{"rendered":"KFOR: Mir\u00ebpresim respektimin e marr\u00ebveshjes p\u00ebr dislokimin e FSK-s\u00eb n\u00eb Veri"},"content":{"rendered":"<p>Misioni paqeruajt\u00ebs i NATO-s n\u00eb Kosov\u00eb, KFOR, tha se mir\u00ebpret respektimin nga autoritetet e Kosov\u00ebs t\u00eb marr\u00ebveshjes sa i p\u00ebrket dislokimit t\u00eb pjes\u00ebtar\u00ebve t\u00eb Forc\u00ebs s\u00eb Siguris\u00eb s\u00eb Kosov\u00ebs (FSK) n\u00eb veri t\u00eb vendit.<\/p>\n<p>Ky q\u00ebndrim i KFOR-it vjen pasi m\u00eb 16 tetor, p\u00ebr disa minuta, disa makina t\u00eb FSK-s\u00eb kishin q\u00ebndruar n\u00eb Mitrovic\u00eb t\u00eb Veriut. FSK-ja dhe Policia e Kosov\u00ebs than\u00eb se trupat e FSK-s\u00eb ngat\u00ebrruan rrug\u00ebn. KFOR-i tha se i pranon deklaratat e b\u00ebra nga autoritetet se nj\u00ebsiti i FSK-s\u00eb gabimisht hyri n\u00eb Mitrovic\u00eb t\u00eb Veriut dhe shpejt u largua q\u00eb aty.<\/p>\n<p>\u201cKFOR-i mir\u00ebpret respektimin e vazhduesh\u00ebm nga FSK-ja t\u00eb marr\u00ebveshjes p\u00ebr t\u00eb mos dislokuar personel t\u00eb FSK-s\u00eb n\u00eb veri t\u00eb Kosov\u00ebs, pa njoftim paraprak dhe pa miratimin e komandantit t\u00eb KFOR-it. Ky q\u00ebndrim u rikthesua gjat\u00eb bised\u00ebs telefonike mes komandantit t\u00eb KFOR-it dhe komandantit t\u00eb FSK-s\u00eb t\u00eb zhvilluar m\u00eb 16 tetor. Komandanti i FSK-s\u00eb theksoi se nj\u00ebsiti i FSK-s\u00eb gabimisht kishte devijuar p\u00ebrkoh\u00ebsisht nga itinerari i tij\u201d, tha KFOR n\u00eb nj\u00eb p\u00ebrgjigje d\u00ebrguar Radios Evropa e Lir\u00eb.<\/p>\n<p>FSK-ja tha se pjes\u00ebtar\u00eb t\u00eb saj me disa automjete u fut\u00ebn gabimisht n\u00eb veri t\u00eb vendit, pasi e kishin ngat\u00ebrruar drejtimin e l\u00ebvizjes. Sipas k\u00ebsaj force, incidenti ndodhi rreth or\u00ebs 10:30 t\u00eb s\u00eb enjtes, gjat\u00eb l\u00ebvizjes s\u00eb autokolon\u00ebs nga Istogu p\u00ebr n\u00eb kazerm\u00ebn e FSK-s\u00eb n\u00eb Mitrovic\u00eb.<br \/>\nNd\u00ebrkaq, z\u00ebvend\u00ebsdrejtori i Policis\u00eb s\u00eb Kosov\u00ebs p\u00ebr rajonin e veriut, Veton Elshani, tha p\u00ebr Radion Evropa e Lir\u00eb se pjes\u00ebtar\u00eb t\u00eb FSK-s\u00eb \u201ce humb\u00ebn rrug\u00ebn, navigacioni i GPS-s\u00eb i \u00e7oi gabimisht n\u00eb veri\u201d.<\/p>\n<p>Kjo ngjarje nxiti reagimin e zyrtar\u00ebve serb\u00eb, t\u00eb cil\u00ebt e cil\u00ebsuan si shkelje t\u00eb marr\u00ebveshjes p\u00ebr dislokimin e FSK-s\u00eb n\u00eb veri, teksa Lista Serbe \u2013 partia m\u00eb e madhe e serb\u00ebve n\u00eb Kosov\u00eb q\u00eb g\u00ebzon mb\u00ebshtetjen e Beogradit \u2013 tha se kjo ngjarje ka rritur tensionet.<\/p>\n<p>Dislokimi i FSK-s\u00eb n\u00eb veri t\u00eb vendit \u00ebsht\u00eb i mundur vet\u00ebm me p\u00eblqimin paraprak t\u00eb misionit paqeruajt\u00ebs t\u00eb NATO-s n\u00eb Kosov\u00eb, KFOR, bazuar n\u00eb zotimin e vitit 2013 nga Qeveria e Kosov\u00ebs ndaj NATO-s. Ky angazhim, i dh\u00ebn\u00eb p\u00ebrmes nj\u00eb letre nga ish-kryeministri Hashim Tha\u00e7i drejtuar sekretarit t\u00eb at\u00ebhersh\u00ebm t\u00eb NATO-s, Anders Fogh Rasmussen, mbetet n\u00eb fuqi edhe sot, pavar\u00ebsisht ndryshimeve n\u00eb mandatin e FSK-s\u00eb.<\/p>\n<p>Ndryshe, p\u00ebr her\u00eb t\u00eb fundit, me p\u00eblqimin e KFOR-it, FSK-ja ishte n\u00eb veri m\u00eb 29 korrik t\u00eb k\u00ebtij viti, n\u00eb nj\u00eb operacion kur gjeti trupin e pajet\u00eb t\u00eb nj\u00eb personi q\u00eb kishte k\u00ebrcyer nga ura n\u00eb liqenin e Ujmanit. FSK-ja \u00ebsht\u00eb n\u00eb proces t\u00eb transformimit t\u00eb saj n\u00eb ushtri, pas ndryshimeve ligjore t\u00eb miratuara. Ky proces pritet t\u00eb p\u00ebrmbyllet m\u00eb 2028.\/REL<\/p>\n<p>The post <a href=\"https:\/\/lexo.al\/2025\/10\/kfor-mirepresim-respektimin-e-marreveshjes-per-dislokimin-e-fsk-se-ne-veri\/\">KFOR: Mir\u00ebpresim respektimin e marr\u00ebveshjes p\u00ebr dislokimin e FSK-s\u00eb n\u00eb Veri<\/a> appeared first on <a href=\"https:\/\/lexo.al\/\">www.lexo.al<\/a>.<\/p>","protected":false},"excerpt":{"rendered":"<p>Misioni paqeruajt\u00ebs i NATO-s n\u00eb Kosov\u00eb, KFOR, tha se mir\u00ebpret respektimin nga autoritetet e Kosov\u00ebs t\u00eb marr\u00ebveshjes sa i p\u00ebrket dislokimit t\u00eb pjes\u00ebtar\u00ebve t\u00eb Forc\u00ebs s\u00eb Siguris\u00eb s\u00eb Kosov\u00ebs (FSK) n\u00eb veri t\u00eb vendit. Ky q\u00ebndrim i KFOR-it vjen pasi m\u00eb 16 tetor, p\u00ebr disa minuta, disa makina t\u00eb FSK-s\u00eb kishin q\u00ebndruar n\u00eb Mitrovic\u00eb t\u00eb [&hellip;]<\/p>\n","protected":false},"author":0,"featured_media":0,"comment_status":"open","ping_status":"open","sticky":false,"template":"","format":"standard","meta":{"footnotes":""},"categories":[1],"tags":[],"class_list":["post-46925","post","type-post","status-publish","format-standard","hentry","category-uncategorized"],"_links":{"self":[{"href":"https:\/\/zennihost.com\/test\/wp-json\/wp\/v2\/posts\/46925","targetHints":{"allow":["GET"]}}],"collection":[{"href":"https:\/\/zennihost.com\/test\/wp-json\/wp\/v2\/posts"}],"about":[{"href":"https:\/\/zennihost.com\/test\/wp-json\/wp\/v2\/types\/post"}],"replies":[{"embeddable":true,"href":"https:\/\/zennihost.com\/test\/wp-json\/wp\/v2\/comments?post=46925"}],"version-history":[{"count":0,"href":"https:\/\/zennihost.com\/test\/wp-json\/wp\/v2\/posts\/46925\/revisions"}],"wp:attachment":[{"href":"https:\/\/zennihost.com\/test\/wp-json\/wp\/v2\/media?parent=46925"}],"wp:term":[{"taxonomy":"category","embeddable":true,"href":"https:\/\/zennihost.com\/test\/wp-json\/wp\/v2\/categories?post=46925"},{"taxonomy":"post_tag","embeddable":true,"href":"https:\/\/zennihost.com\/test\/wp-json\/wp\/v2\/tags?post=46925"}],"curies":[{"name":"wp","href":"https:\/\/api.w.org\/{rel}","templated":true}]}}