{"id":46923,"date":"2025-10-17T08:48:45","date_gmt":"2025-10-17T08:48:45","guid":{"rendered":"https:\/\/zennihost.com\/test\/2025\/10\/17\/projekti-sfera-do-zevendesoje-asllan-rusin-fitues-miku-i-rames-ilir-trebicka\/"},"modified":"2025-10-17T08:48:45","modified_gmt":"2025-10-17T08:48:45","slug":"projekti-sfera-do-zevendesoje-asllan-rusin-fitues-miku-i-rames-ilir-trebicka","status":"publish","type":"post","link":"https:\/\/zennihost.com\/test\/2025\/10\/17\/projekti-sfera-do-zevendesoje-asllan-rusin-fitues-miku-i-rames-ilir-trebicka\/","title":{"rendered":"Projekti \u201cSfera\u201d do z\u00ebvend\u00ebsoj\u00eb \u201cAsllan Rusin\u201d\/ Fitues miku i Ram\u00ebs, Ilir Trebicka"},"content":{"rendered":"<p>Projekti i prezantuar nga kompania MVRDV u shpall fituese p\u00ebr rijet\u00ebzimin e Pallatit t\u00eb Sportit \u201cAsllan Rusi\u201d.<\/p>\n<p>Sipas dokumenteve t\u00eb publikuara, projekti \u00ebsht\u00eb n\u00eb form\u00ebn e sfer\u00ebs dhe do t\u00eb p\u00ebrmbaj\u00eb nj\u00eb fush\u00eb sporti n\u00eb mes t\u00eb sfer\u00ebs, i rrethuar nga dyqane dhe hotele.<\/p>\n<p>\u00a0\u00a0<\/p>\n<p>N\u00ebse projekti i Stadiumit Komb\u00ebtar ka nj\u00eb kull\u00eb, krejt e kund\u00ebrta ka ndodhur me Asllan Rusin. Fusha e sportit dhe shkall\u00ebt do t\u00eb jen\u00eb n\u00eb mes t\u00eb Qendr\u00ebs Tregtare, e cila \u00ebsht\u00eb n\u00eb form\u00ebn e sfer\u00ebs ose topit t\u00eb basketbollit.<\/p>\n<p>Por, kush do t\u2019a nd\u00ebrtoj\u00eb?! Studioja q\u00eb u shpall fituese nuk \u00ebsht\u00eb e panjohur n\u00eb Shqip\u00ebri. Ajo ka projektuar projektin e Piramid\u00ebs, duke i vendosur kioska rreth e qark. Nd\u00ebrkoh\u00eb q\u00eb \u00ebsht\u00eb kontraktuar edhe nga firma private p\u00ebr kull\u00ebn te ish \u201c7 Xhuxhat\u201d, ku pallati ka edhe hart\u00ebn e Shqip\u00ebris\u00eb.<\/p>\n<p>N\u00eb foto: Pallati \u2018Tirana Rock\u201d, n\u00eb qend\u00ebr t\u00eb Tiran\u00ebs \u00ebsht\u00eb projektuar nga MVRDV, i ngjan m\u00eb shum\u00eb Ram\u00ebs sesa Sk\u00ebnderbeut<\/p>\n<p>Projekti m\u00eb kontrovers i k\u00ebsaj studioje \u00ebsht\u00eb pik\u00ebrisht \u201cTirana Rock\u201d, pas Pallatit t\u00eb Kultur\u00ebs. Firma projektoi nd\u00ebrtimin e nj\u00eb kulle me form\u00ebn e heroit Sk\u00ebnderbeu. Por pas nd\u00ebrtimit, projekti ngjason m\u00eb shum\u00eb me fytyr\u00ebn e Edi Ram\u00ebs sesa me at\u00eb t\u00eb heroit.<\/p>\n\n<p>Faksimile: Nd\u00ebrtues i kull\u00ebs s\u00eb sfer\u00ebs do t\u00eb jet\u00eb firma Trema, me pronar z. Ilir Trebicka<\/p>\n<p>Firma shqiptare q\u00eb ka kontraktuar studion e projektimit MVRDV \u00ebsht\u00eb Trema. Nj\u00eb em\u00ebr i njohur n\u00eb Shqip\u00ebri, ku vitet e fundit pronari i sa Ilir Trebicka ka marr\u00eb nj\u00eb mori lejesh nga kryeministri Edi Rama. Madje, Trebicka dhe vet\u00eb kryeministri Edi Rama kan\u00eb edhe nj\u00eb foto t\u00eb dy bashk\u00eb.<\/p>\n<p>Megjith\u00ebse u zhvillua nj\u00eb konkurs, fitues dol\u00ebn t\u00eb nj\u00ebjta firma q\u00eb kan\u00eb fituar edhe m\u00eb par\u00eb projekte. N\u00eb fakt t\u00eb nj\u00ebjt\u00ebt klient\u00eb q\u00eb fitojn\u00eb gjithmon\u00eb.\/<a href=\"https:\/\/www.voxnews.al\/investigim\/foto-dhe-dokumente-projekti-sfera-do-zevendesoje-asllan-rusin-fitues--i102148?fbclid=IwdGRjcANeTPdjbGNrA15M5mV4dG4DYWVtAjExAAEeN8xseTN2UQe3-UWrmtiEuNAx8O46LdmSNykdwjaPV8--9jL3xWIrRCI5St4_aem_0XtflH3SL_u3SweSdJ4jSA\">VoxNews<\/a><\/p>\n<p>The post <a href=\"https:\/\/gijotina.com\/projekti-sfera-do-zevendesoje-asllan-rusin-fitues-miku-i-rames-ilir-trebicka\/\">Projekti \u201cSfera\u201d do z\u00ebvend\u00ebsoj\u00eb \u201cAsllan Rusin\u201d\/ Fitues miku i Ram\u00ebs, Ilir Trebicka<\/a> appeared first on <a href=\"https:\/\/gijotina.com\/\">GIJOTINA<\/a>.<\/p>","protected":false},"excerpt":{"rendered":"<p>Projekti i prezantuar nga kompania MVRDV u shpall fituese p\u00ebr rijet\u00ebzimin e Pallatit t\u00eb Sportit \u201cAsllan Rusi\u201d. Sipas dokumenteve t\u00eb publikuara, projekti \u00ebsht\u00eb n\u00eb form\u00ebn e sfer\u00ebs dhe do t\u00eb p\u00ebrmbaj\u00eb nj\u00eb fush\u00eb sporti n\u00eb mes t\u00eb sfer\u00ebs, i rrethuar nga dyqane dhe hotele. \u00a0\u00a0 N\u00ebse projekti i Stadiumit Komb\u00ebtar ka nj\u00eb kull\u00eb, krejt e [&hellip;]<\/p>\n","protected":false},"author":0,"featured_media":0,"comment_status":"open","ping_status":"open","sticky":false,"template":"","format":"standard","meta":{"footnotes":""},"categories":[1],"tags":[],"class_list":["post-46923","post","type-post","status-publish","format-standard","hentry","category-uncategorized"],"_links":{"self":[{"href":"https:\/\/zennihost.com\/test\/wp-json\/wp\/v2\/posts\/46923","targetHints":{"allow":["GET"]}}],"collection":[{"href":"https:\/\/zennihost.com\/test\/wp-json\/wp\/v2\/posts"}],"about":[{"href":"https:\/\/zennihost.com\/test\/wp-json\/wp\/v2\/types\/post"}],"replies":[{"embeddable":true,"href":"https:\/\/zennihost.com\/test\/wp-json\/wp\/v2\/comments?post=46923"}],"version-history":[{"count":0,"href":"https:\/\/zennihost.com\/test\/wp-json\/wp\/v2\/posts\/46923\/revisions"}],"wp:attachment":[{"href":"https:\/\/zennihost.com\/test\/wp-json\/wp\/v2\/media?parent=46923"}],"wp:term":[{"taxonomy":"category","embeddable":true,"href":"https:\/\/zennihost.com\/test\/wp-json\/wp\/v2\/categories?post=46923"},{"taxonomy":"post_tag","embeddable":true,"href":"https:\/\/zennihost.com\/test\/wp-json\/wp\/v2\/tags?post=46923"}],"curies":[{"name":"wp","href":"https:\/\/api.w.org\/{rel}","templated":true}]}}