{"id":46921,"date":"2025-10-17T08:48:45","date_gmt":"2025-10-17T08:48:45","guid":{"rendered":"https:\/\/zennihost.com\/test\/2025\/10\/17\/mediat-e-beogradit-festojne-parlamenti-shqiptar-refuzoi-rezoluten-per-gjenocidin-serb-ne-kosove\/"},"modified":"2025-10-17T08:48:45","modified_gmt":"2025-10-17T08:48:45","slug":"mediat-e-beogradit-festojne-parlamenti-shqiptar-refuzoi-rezoluten-per-gjenocidin-serb-ne-kosove","status":"publish","type":"post","link":"https:\/\/zennihost.com\/test\/2025\/10\/17\/mediat-e-beogradit-festojne-parlamenti-shqiptar-refuzoi-rezoluten-per-gjenocidin-serb-ne-kosove\/","title":{"rendered":"Mediat e Beogradit festojn\u00eb: Parlamenti shqiptar refuzoi rezolut\u00ebn p\u00ebr gjenocidin serb n\u00eb Kosov\u00eb"},"content":{"rendered":"<p>Mediat serbe kan\u00eb vler\u00ebsuar vendimin e mazhoranc\u00ebs s\u00eb Edi Ram\u00ebs n\u00eb parlamentin shqiptar p\u00ebr t\u00eb refuzuar nj\u00eb rezolut\u00eb q\u00eb d\u00ebnon gjenocidin serb n\u00eb Kosov\u00eb.<\/p>\n<p>Gazeta serbe\u00a0<a href=\"https:\/\/www.telegraf.rs\/vesti\/politika\/4198473-albanski-parlament-odbio-da-stavi-na-dnevni-red-rezoluciju-o-navodnom-srpskom-genocidu-na-kim\">Telegraf<\/a>\u00a0shkruan se nuk kaloi rezoluta p\u00ebr t\u00eb ashtuquajturin gjenocid n\u00eb Kosov\u00eb.<\/p>\n<p>\u201cGjat\u00eb seanc\u00ebs plenare, parlamenti i Shqip\u00ebris\u00eb nuk e miratoi k\u00ebrkes\u00ebn e paraqitur nga Partia Demokratike p\u00ebr miratimin e nj\u00eb rezolute q\u00eb d\u00ebnon gjenocidin e supozuar serb n\u00eb t\u00eb ashtuquajtur\u00ebn Kosov\u00eb. Detajet e votimit nuk u publikuan, por k\u00ebrkesa u refuzua. Kryetari i Partis\u00eb Demokratike, Sali Berisha, tha se Shqip\u00ebria duhej ta kishte miratuar menj\u00ebher\u00eb rezolut\u00ebn e Kosov\u00ebs p\u00ebr njohjen e gjenocidit serb,\u201d\u00a0shkruan gazeta.<\/p>\n<p>Telegraf citon edhe liderin e opozit\u00ebs shqiptare, Sali Berisha, i cili deklaroi se Edi Rama \u00ebsht\u00eb nj\u00eb sh\u00ebrb\u00ebtor i Vu\u00e7i\u00e7it.<\/p>\n<p>\u201cSi mund t\u00eb shkel\u00eb nj\u00eb shqiptar mbi faktet p\u00ebr gjenocidin? Ju e b\u00ebni k\u00ebt\u00eb sepse udh\u00ebheq\u00ebsi juaj \u00ebsht\u00eb sh\u00ebrb\u00ebtor i Vu\u00e7i\u00e7it. Ju duhet t\u00eb reagoni ndaj gjenocidit, si mund t\u00eb jeni kaq t\u00eb pandjesh\u00ebm ndaj nj\u00eb prej temave m\u00eb t\u00eb r\u00ebnd\u00ebsishme t\u00eb vet\u00ebdijes njer\u00ebzore dhe komb\u00ebtare\u201d,\u00a0tha Berisha.<\/p>\n<p>K\u00ebrkesa e Partis\u00eb Demokratike p\u00ebr t\u00eb mbajtur nj\u00eb debat mbi miratimin e rezolut\u00ebs p\u00ebr njohjen e gjenocidit serb n\u00eb Kosov\u00eb shkaktoi debat midis qeveris\u00eb dhe opozit\u00ebs n\u00eb parlament, shkruan gazeta.<\/p>\n<p>Edhe agjencia e madhe serbe,\u00a0<a href=\"https:\/\/en.vijesti.me\/world-a\/balkan\/779305\/Albanian-parliament-rejects-opposition%27s-request-for-resolution-on-Serbian-genocide-in-Kosovo\">Beta<\/a>\u00a0i ka b\u00ebr\u00eb jehon\u00eb k\u00ebtij lajmi.<\/p>\n<p>\u201cParlamenti i Shqip\u00ebris\u00eb ka hedhur posht\u00eb nj\u00eb k\u00ebrkes\u00eb t\u00eb Partis\u00eb Demokratike (PD) p\u00ebr t\u00eb miratuar nj\u00eb rezolut\u00eb q\u00eb d\u00ebnon, si\u00e7 thuhet, \u201cgjenocidin e Serbis\u00eb kund\u00ebr shqiptar\u00ebve n\u00eb Kosov\u00eb\u201d.\u00a0Vota p\u00ebr k\u00ebt\u00eb propozim nuk u njoftua n\u00eb detaje, por propozimi u rr\u00ebzua\u201d,\u00a0shkruan agjencia.<\/p>\n<p>Beta raporton se rezoluta u rr\u00ebzua teksa\u00a0\u201cTirana po p\u00ebrgatitet p\u00ebr nj\u00eb protest\u00eb masive mbar\u00ebshqiptare t\u00eb planifikuar p\u00ebr sot n\u00eb solidaritet me ish-udh\u00ebheq\u00ebsit e \u201cUshtris\u00eb \u00c7lirimtare t\u00eb Kosov\u00ebs\u201d (U\u00c7K) q\u00eb jan\u00eb n\u00eb gjyq n\u00eb Hag\u00eb\u201d.<\/p>\n<p>\u201cNjoftimi p\u00ebr tubimin, t\u00eb organizuar nga Shoqata e Veteran\u00ebve t\u00eb Luft\u00ebs s\u00eb U\u00c7K-s\u00eb, ka shkaktuar tensione politike midis kryeministrit t\u00eb Shqip\u00ebris\u00eb, Edi Rama, dhe L\u00ebvizjes Vet\u00ebvendosje (LVV), nd\u00ebrsa institucionet e Kosov\u00ebs, p\u00ebrfshir\u00eb Presidenten Vjosa Osmani, gjithashtu e kan\u00eb mb\u00ebshtetur protest\u00ebn. Vet\u00ebvendosja kund\u00ebrshton organizimin e k\u00ebsaj proteste nga Rama, duke e akuzuar at\u00eb se gjoja ka mb\u00ebshtetur Gjykat\u00ebn Speciale n\u00eb at\u00eb koh\u00eb, nd\u00ebrsa Rama kund\u00ebrp\u00ebrgjigjet se i vjen keq q\u00eb LVV \u2018po i p\u00ebrzien marr\u00ebdh\u00ebniet institucionale t\u00eb Kosov\u00ebs dhe Shqip\u00ebris\u00eb me raundin e dyt\u00eb t\u00eb zgjedhjeve lokale&#8217;\u201d,\u00a0shkruan agjencia.<\/p>\n<p>The post <a href=\"https:\/\/gijotina.com\/mediat-e-beogradit-festojne-parlamenti-shqiptar-refuzoi-rezoluten-per-gjenocidin-serb-ne-kosove\/\">Mediat e Beogradit festojn\u00eb: Parlamenti shqiptar refuzoi rezolut\u00ebn p\u00ebr gjenocidin serb n\u00eb Kosov\u00eb<\/a> appeared first on <a href=\"https:\/\/gijotina.com\/\">GIJOTINA<\/a>.<\/p>","protected":false},"excerpt":{"rendered":"<p>Mediat serbe kan\u00eb vler\u00ebsuar vendimin e mazhoranc\u00ebs s\u00eb Edi Ram\u00ebs n\u00eb parlamentin shqiptar p\u00ebr t\u00eb refuzuar nj\u00eb rezolut\u00eb q\u00eb d\u00ebnon gjenocidin serb n\u00eb Kosov\u00eb. Gazeta serbe\u00a0Telegraf\u00a0shkruan se nuk kaloi rezoluta p\u00ebr t\u00eb ashtuquajturin gjenocid n\u00eb Kosov\u00eb. \u201cGjat\u00eb seanc\u00ebs plenare, parlamenti i Shqip\u00ebris\u00eb nuk e miratoi k\u00ebrkes\u00ebn e paraqitur nga Partia Demokratike p\u00ebr miratimin e nj\u00eb [&hellip;]<\/p>\n","protected":false},"author":0,"featured_media":0,"comment_status":"open","ping_status":"open","sticky":false,"template":"","format":"standard","meta":{"footnotes":""},"categories":[1],"tags":[],"class_list":["post-46921","post","type-post","status-publish","format-standard","hentry","category-uncategorized"],"_links":{"self":[{"href":"https:\/\/zennihost.com\/test\/wp-json\/wp\/v2\/posts\/46921","targetHints":{"allow":["GET"]}}],"collection":[{"href":"https:\/\/zennihost.com\/test\/wp-json\/wp\/v2\/posts"}],"about":[{"href":"https:\/\/zennihost.com\/test\/wp-json\/wp\/v2\/types\/post"}],"replies":[{"embeddable":true,"href":"https:\/\/zennihost.com\/test\/wp-json\/wp\/v2\/comments?post=46921"}],"version-history":[{"count":0,"href":"https:\/\/zennihost.com\/test\/wp-json\/wp\/v2\/posts\/46921\/revisions"}],"wp:attachment":[{"href":"https:\/\/zennihost.com\/test\/wp-json\/wp\/v2\/media?parent=46921"}],"wp:term":[{"taxonomy":"category","embeddable":true,"href":"https:\/\/zennihost.com\/test\/wp-json\/wp\/v2\/categories?post=46921"},{"taxonomy":"post_tag","embeddable":true,"href":"https:\/\/zennihost.com\/test\/wp-json\/wp\/v2\/tags?post=46921"}],"curies":[{"name":"wp","href":"https:\/\/api.w.org\/{rel}","templated":true}]}}