{"id":46920,"date":"2025-10-17T08:48:45","date_gmt":"2025-10-17T08:48:45","guid":{"rendered":"https:\/\/zennihost.com\/test\/2025\/10\/17\/xhaferri-shqiperia-drejtohet-nga-nje-autokrat-i-cmendur-qe-ka-shkaterruar-demokracine\/"},"modified":"2025-10-17T08:48:45","modified_gmt":"2025-10-17T08:48:45","slug":"xhaferri-shqiperia-drejtohet-nga-nje-autokrat-i-cmendur-qe-ka-shkaterruar-demokracine","status":"publish","type":"post","link":"https:\/\/zennihost.com\/test\/2025\/10\/17\/xhaferri-shqiperia-drejtohet-nga-nje-autokrat-i-cmendur-qe-ka-shkaterruar-demokracine\/","title":{"rendered":"Xhaferri: Shqip\u00ebria drejtohet nga nj\u00eb autokrat i \u00e7mendur q\u00eb ka shkat\u00ebrruar demokracin\u00eb"},"content":{"rendered":"<p>Deputeti i Partis\u00eb Demokratike, Besart Xhaferri, foli mbi situat\u00ebn politike n\u00eb vend, duke e cil\u00ebsuar Kuvendin nj\u00eb institucion t\u00eb kapur dhe t\u00eb degraduar, ku deputet\u00ebt nuk jan\u00eb m\u00eb p\u00ebrfaq\u00ebsues t\u00eb qytetar\u00ebve, por \u201cnumra anonim\u00eb\u201d n\u00eb sh\u00ebrbim t\u00eb nj\u00eb njeriu t\u00eb vet\u00ebm Edi Ram\u00ebs.<\/p>\n<p>Xhaferri u shpreh se Shqip\u00ebria nuk \u00ebsht\u00eb m\u00eb nj\u00eb republik\u00eb parlamentare q\u00eb prej vitit 2019, por nj\u00eb republik\u00eb e Kryeministrit, ku 140 deputet\u00eb jan\u00eb kthyer n\u00eb peng t\u00eb nj\u00eb t\u00eb \u00e7menduri q\u00eb ka v\u00ebn\u00eb n\u00eb rresht jo vet\u00ebm Parlamentin, por edhe 2 milion\u00eb qytetar\u00eb. Sipas tij, roli i deputetit \u00ebsht\u00eb nj\u00eb mision, jo nj\u00eb n\u00ebnshtrim, dhe opozita \u00ebsht\u00eb sot e vetmja forc\u00eb q\u00eb po i tregon Ram\u00ebs fytyr\u00ebn e v\u00ebrtet\u00eb t\u00eb nj\u00eb autokrati t\u00eb zhveshur nga \u00e7do normalitet.<\/p>\n<p>Ai ngriti alarmin p\u00ebr degradimin e nd\u00ebrgjegjes politike dhe institucionale, si dhe p\u00ebr nevoj\u00ebn urgjente t\u00eb nj\u00eb marr\u00ebveshjeje t\u00eb re me qytetar\u00ebt dhe t\u00eb nj\u00eb reforme zgjedhore q\u00eb t\u00eb mund\u00ebsoj\u00eb rotacionin real t\u00eb pushtetit. Ai theksoi se pa nj\u00eb protest\u00eb t\u00eb vazhdueshme dhe pa nj\u00eb presion t\u00eb drejtp\u00ebrdrejt\u00eb qytetar, ky regjim nuk ndalet<\/p>\n<p>\u201cP\u00ebr mua nuk \u00ebsht\u00eb k\u00ebnaq\u00ebsi t\u00eb shkosh e t\u00eb rrish n\u00eb at\u00eb Kuvend. Nuk \u00ebsht\u00eb nder t\u00eb rrish krah deputet\u00ebve q\u00eb nuk jan\u00eb n\u00eb politik\u00eb jan\u00eb numra, jan\u00eb anonim\u00eb. Si\u00e7 kan\u00eb hyr\u00eb n\u00eb at\u00eb Parlament, ashtu do t\u00eb dalin, p\u00ebrve\u00e7 se mund t\u00eb b\u00ebhen meme.<\/p>\n<p>Po ashtu, edhe te komisioner\u00ebt shoh nj\u00eb degradim t\u00eb nd\u00ebrgjegjes qytetare t\u00eb politikan\u00ebve. Po pati nj\u00eb degradim t\u00eb nd\u00ebrgjegjes s\u00eb tyre, ai nuk \u00ebsht\u00eb m\u00eb nj\u00eb politikan, por \u00ebsht\u00eb nj\u00eb skllav i Republik\u00ebs s\u00eb Kryeministrit.<\/p>\n<p>Prej 2019-s, ne nuk jemi m\u00eb nj\u00eb republik\u00eb parlamentare, por jemi nj\u00eb republik\u00eb e Kryeministrit, ku nj\u00eb i \u00e7mendur ka v\u00ebn\u00eb n\u00eb rresht 140 persona, dhe me ata 140, q\u00eb jan\u00eb barriera e fundit ndaj nj\u00eb t\u00eb \u00e7menduri, ka v\u00ebn\u00eb n\u00eb rresht edhe 2 milion\u00eb qytetar\u00eb, t\u00eb cil\u00ebt i ka \u00e7varf\u00ebruar, p\u00ebrz\u00ebn\u00eb, shkat\u00ebrruar, bullizuar e t\u00eb gjitha.<\/p>\n<p>Deputeti \u00ebsht\u00eb mision. Jemi n\u00eb krye t\u00eb nj\u00eb kauze q\u00eb do ta ngrem\u00eb dhe do ta fitojm\u00eb. M\u00eb besoni q\u00eb Ram\u00ebs, v\u00ebshtir\u00ebsin\u00eb m\u00eb t\u00eb madhe, i vjen sot kur ka nj\u00eb opozit\u00eb q\u00eb e nxjerr lakuriq, q\u00eb \u00ebsht\u00eb nj\u00eb autokrat.<\/p>\n<p>Opozita do nj\u00eb marr\u00ebveshje m\u00eb t\u00eb mir\u00eb. P\u00ebrmir\u00ebsimi nuk duhet t\u00eb ndaloj\u00eb p\u00ebrmir\u00ebsimi i diskursit, i kauzave dhe i nj\u00eb marr\u00ebveshjeje. N\u00ebse do t\u00eb b\u00ebsh ndales\u00eb p\u00ebr Ram\u00ebn, duhet mbushur bulevardi, duhet protest\u00eb e vazhdueshme. Ky zullum ndalohet me forc\u00ebn e qytetar\u00ebve dhe jo vet\u00ebm me forc\u00eb politike.<\/p>\n<p>Rama \u00ebsht\u00eb n\u00eb degradimin e fundit dhe ai \u00ebsht\u00eb futur n\u00eb stadin e s\u00ebmundjes s\u00eb tij t\u00eb pushtetit. Ai nuk \u00ebsht\u00eb m\u00eb normal q\u00eb n\u00eb 2017-n. Un\u00eb kam qen\u00eb i qart\u00eb q\u00eb pas 11 majit, q\u00eb gj\u00ebrat do t\u00eb vijn\u00eb me ngritjen e dy faktor\u00ebve: me ngritjen e faktor\u00ebve t\u00eb brendsh\u00ebm marr\u00ebveshja me qytetar\u00ebt dhe faktor\u00ebve t\u00eb jasht\u00ebm, nd\u00ebrkomb\u00ebtar\u00ebt, q\u00eb duhet paralelisht t\u00eb bashkohen n\u00eb nj\u00eb pik\u00eb Ku ne t\u00eb kemi strategjin\u00eb e duhur, fillimisht p\u00ebr t\u00eb nd\u00ebrtuar gar\u00ebn e barabart\u00eb n\u00eb zgjedhje.<\/p>\n<p>Se k\u00ebtu, edhe sikur t\u00eb bjer\u00eb kjo qeveri nga protesta afatgjat\u00eb, me k\u00ebt\u00eb proces zgjedhor i v\u00ebshtir\u00ebsohet rruga \u00e7do rrotacioni t\u00eb ri apo t\u00eb vjet\u00ebr politik p\u00ebr t\u00eb rr\u00ebzuar PS-n\u00eb.<\/p>\n<p>Kur t\u00eb vij\u00eb kjo pik\u00eb, PD do t\u00eb jet\u00eb n\u00eb kristalitetin e saj t\u00eb mendimit p\u00ebr t\u00eb k\u00ebrkuar q\u00eb koalicionet parazgjedhore t\u00eb rikthehen n\u00eb Kodin Zgjedhor. Duhet nj\u00eb reform\u00eb e re elektorale.<\/p>\n<p>Plehrat jan\u00eb biznesi i mafies. Nga projektligji, ata u rikthyen te riciklimi, q\u00eb \u00ebsht\u00eb m\u00eb sakt\u00eb ajo q\u00eb PD e kishte nisur nj\u00eb industri ku u investuan 500 milion\u00eb euro. Ky e mbylli, i fali, i falimentoi. Sepse u zgjua nj\u00eb dit\u00eb dhe tha: \u201cUn\u00eb do t\u00eb b\u00ebj inovacion, dhe do t\u00eb inceneroj\u201d, dhe na inceneroi 500 milion\u00eb euro\u201d, u shpreh ai.<\/p>\n<p>The post <a href=\"https:\/\/gijotina.com\/xhaferri-shqiperia-drejtohet-nga-nje-autokrat-i-cmendur-qe-ka-shkaterruar-demokracine\/\">Xhaferri: Shqip\u00ebria drejtohet nga nj\u00eb autokrat i \u00e7mendur q\u00eb ka shkat\u00ebrruar demokracin\u00eb<\/a> appeared first on <a href=\"https:\/\/gijotina.com\/\">GIJOTINA<\/a>.<\/p>","protected":false},"excerpt":{"rendered":"<p>Deputeti i Partis\u00eb Demokratike, Besart Xhaferri, foli mbi situat\u00ebn politike n\u00eb vend, duke e cil\u00ebsuar Kuvendin nj\u00eb institucion t\u00eb kapur dhe t\u00eb degraduar, ku deputet\u00ebt nuk jan\u00eb m\u00eb p\u00ebrfaq\u00ebsues t\u00eb qytetar\u00ebve, por \u201cnumra anonim\u00eb\u201d n\u00eb sh\u00ebrbim t\u00eb nj\u00eb njeriu t\u00eb vet\u00ebm Edi Ram\u00ebs. Xhaferri u shpreh se Shqip\u00ebria nuk \u00ebsht\u00eb m\u00eb nj\u00eb republik\u00eb parlamentare q\u00eb [&hellip;]<\/p>\n","protected":false},"author":0,"featured_media":0,"comment_status":"open","ping_status":"open","sticky":false,"template":"","format":"standard","meta":{"footnotes":""},"categories":[1],"tags":[],"class_list":["post-46920","post","type-post","status-publish","format-standard","hentry","category-uncategorized"],"_links":{"self":[{"href":"https:\/\/zennihost.com\/test\/wp-json\/wp\/v2\/posts\/46920","targetHints":{"allow":["GET"]}}],"collection":[{"href":"https:\/\/zennihost.com\/test\/wp-json\/wp\/v2\/posts"}],"about":[{"href":"https:\/\/zennihost.com\/test\/wp-json\/wp\/v2\/types\/post"}],"replies":[{"embeddable":true,"href":"https:\/\/zennihost.com\/test\/wp-json\/wp\/v2\/comments?post=46920"}],"version-history":[{"count":0,"href":"https:\/\/zennihost.com\/test\/wp-json\/wp\/v2\/posts\/46920\/revisions"}],"wp:attachment":[{"href":"https:\/\/zennihost.com\/test\/wp-json\/wp\/v2\/media?parent=46920"}],"wp:term":[{"taxonomy":"category","embeddable":true,"href":"https:\/\/zennihost.com\/test\/wp-json\/wp\/v2\/categories?post=46920"},{"taxonomy":"post_tag","embeddable":true,"href":"https:\/\/zennihost.com\/test\/wp-json\/wp\/v2\/tags?post=46920"}],"curies":[{"name":"wp","href":"https:\/\/api.w.org\/{rel}","templated":true}]}}