{"id":46290,"date":"2025-10-14T08:10:56","date_gmt":"2025-10-14T08:10:56","guid":{"rendered":"https:\/\/zennihost.com\/test\/2025\/10\/14\/dalin-pamjet-e-arrestimit-te-aldo-avdylajt-flinte-me-pistoleten-poshte-jastekut\/"},"modified":"2025-10-14T08:10:56","modified_gmt":"2025-10-14T08:10:56","slug":"dalin-pamjet-e-arrestimit-te-aldo-avdylajt-flinte-me-pistoleten-poshte-jastekut","status":"publish","type":"post","link":"https:\/\/zennihost.com\/test\/2025\/10\/14\/dalin-pamjet-e-arrestimit-te-aldo-avdylajt-flinte-me-pistoleten-poshte-jastekut\/","title":{"rendered":"Dalin pamjet e arrestimit t\u00eb Aldo Avdylajt, flinte me pistolet\u00ebn posht\u00eb jast\u00ebkut"},"content":{"rendered":"<p>Policia ka publikuar pamjet nga arrestimi i Aldo Avdylaj, nipi i Astrit Avdylajt, i cili ishte shpallur n\u00eb k\u00ebrkim p\u00ebr organizimin e atentatit ndaj Edmir Bregut.<\/p>\n<p>Sipas hetimeve t\u00eb SPAK, kjo ngjarje dyshohet t\u00eb jet\u00eb nj\u00eb vrasje p\u00ebr hakmarrje, me lidhje t\u00eb drejtp\u00ebrdrejta me grupin e njohur t\u00eb Avdylajve.<\/p>\n<p>Lala raportoi se motivi i vrasjes vjen pas nj\u00eb p\u00ebrplasjeje t\u00eb fort\u00eb mes grupeve kriminale. Nipi i Astrit Avdylit, Aldo Avdyli, ishte vendosur m\u00eb her\u00ebt n\u00eb sh\u00ebnjest\u00ebr p\u00ebr t\u2019u eliminuar dhe dyshohet se pas k\u00ebsaj q\u00ebndronte vet\u00eb Edmir Bregu.<\/p>\n<div class=\"wp-video\"><!--[if lt IE 9]&gt;document.createElement('video');&lt;![endif]--><br \/>\n<a href=\"https:\/\/lapsi.al\/wp-content\/uploads\/2025\/10\/YTDown.com_YouTube_Media_VHQSj_AFr08_001_360p.mp4\">https:\/\/lapsi.al\/wp-content\/uploads\/2025\/10\/YTDown.com_YouTube_Media_VHQSj_AFr08_001_360p.mp4<\/a><\/div>\n<p>The post <a href=\"https:\/\/lapsi.al\/2025\/10\/14\/dalin-pamjet-e-arrestimit-te-aldo-avdylajt-flinte-me-pistoleten-poshte-jastekut\/\">Dalin pamjet e arrestimit t\u00eb Aldo Avdylajt, flinte me pistolet\u00ebn posht\u00eb jast\u00ebkut<\/a> appeared first on <a href=\"https:\/\/lapsi.al\/\">Lapsi.al<\/a>.<\/p>","protected":false},"excerpt":{"rendered":"<p>Policia ka publikuar pamjet nga arrestimi i Aldo Avdylaj, nipi i Astrit Avdylajt, i cili ishte shpallur n\u00eb k\u00ebrkim p\u00ebr organizimin e atentatit ndaj Edmir Bregut. Sipas hetimeve t\u00eb SPAK, kjo ngjarje dyshohet t\u00eb jet\u00eb nj\u00eb vrasje p\u00ebr hakmarrje, me lidhje t\u00eb drejtp\u00ebrdrejta me grupin e njohur t\u00eb Avdylajve. Lala raportoi se motivi i vrasjes [&hellip;]<\/p>\n","protected":false},"author":0,"featured_media":0,"comment_status":"open","ping_status":"open","sticky":false,"template":"","format":"standard","meta":{"footnotes":""},"categories":[1],"tags":[],"class_list":["post-46290","post","type-post","status-publish","format-standard","hentry","category-uncategorized"],"_links":{"self":[{"href":"https:\/\/zennihost.com\/test\/wp-json\/wp\/v2\/posts\/46290","targetHints":{"allow":["GET"]}}],"collection":[{"href":"https:\/\/zennihost.com\/test\/wp-json\/wp\/v2\/posts"}],"about":[{"href":"https:\/\/zennihost.com\/test\/wp-json\/wp\/v2\/types\/post"}],"replies":[{"embeddable":true,"href":"https:\/\/zennihost.com\/test\/wp-json\/wp\/v2\/comments?post=46290"}],"version-history":[{"count":0,"href":"https:\/\/zennihost.com\/test\/wp-json\/wp\/v2\/posts\/46290\/revisions"}],"wp:attachment":[{"href":"https:\/\/zennihost.com\/test\/wp-json\/wp\/v2\/media?parent=46290"}],"wp:term":[{"taxonomy":"category","embeddable":true,"href":"https:\/\/zennihost.com\/test\/wp-json\/wp\/v2\/categories?post=46290"},{"taxonomy":"post_tag","embeddable":true,"href":"https:\/\/zennihost.com\/test\/wp-json\/wp\/v2\/tags?post=46290"}],"curies":[{"name":"wp","href":"https:\/\/api.w.org\/{rel}","templated":true}]}}