{"id":46285,"date":"2025-10-14T08:36:58","date_gmt":"2025-10-14T08:36:58","guid":{"rendered":"https:\/\/zennihost.com\/test\/2025\/10\/14\/miu-hyn-ne-fushe-ne-uells-belgjike-courtois-mundohet-ta-kape-arbitri-ndalon-sfiden\/"},"modified":"2025-10-14T08:36:58","modified_gmt":"2025-10-14T08:36:58","slug":"miu-hyn-ne-fushe-ne-uells-belgjike-courtois-mundohet-ta-kape-arbitri-ndalon-sfiden","status":"publish","type":"post","link":"https:\/\/zennihost.com\/test\/2025\/10\/14\/miu-hyn-ne-fushe-ne-uells-belgjike-courtois-mundohet-ta-kape-arbitri-ndalon-sfiden\/","title":{"rendered":"Miu hyn n\u00eb fush\u00eb n\u00eb Uells-Belgjik\u00eb: Courtois mundohet ta kap\u00eb, arbitri ndalon sfid\u00ebn"},"content":{"rendered":"<p>Fillimi i pjes\u00ebs s\u00eb dyt\u00eb midis Uellsit dhe Belgjik\u00ebs ishte disi m\u00eb pak shp\u00ebrthyes krahasuar me 25 minutat e para t\u00eb loj\u00ebs, q\u00eb kishin par\u00eb rezultatin 2-1 n\u00eb favor t\u00eb \u201cDjajve t\u00eb Kuq\u201d. Megjith\u00ebse nuk pati gola, nj\u00eb ngjarje tjet\u00ebr e vog\u00ebl gjall\u00ebroi ndeshjen. N\u00eb minut\u00ebn e 66-t\u00eb t\u00eb loj\u00ebs, ndeshja u nd\u00ebrpre p\u00ebr pak koh\u00eb p\u00ebr shkak t\u00eb nj\u00eb \u201ct\u00eb ftuari\u201d t\u00eb papritur q\u00eb hyri n\u00eb fush\u00ebn e Cardiff-it. Kamerat, papritur, fokusuan nj\u00eb mi q\u00eb ishte futur n\u00eb fush\u00eb, duke shkaktuar habi mes lojtar\u00ebve. Thibout Courtois ishte ai q\u00eb u p\u00ebrpoq ta kapte, pa rezultat.<\/p>\n<p>N\u00eb fakt, asnj\u00eb lojtar nuk tregoi frik\u00eb ndaj brejt\u00ebsit t\u00eb vog\u00ebl, i cili vrapoi mbi barin e stadiumit uellsian p\u00ebrpara se t\u00eb dilte vet\u00eb nga ana an\u00ebsore. N\u00eb at\u00eb moment rezultati ishte 2-1 n\u00eb favor t\u00eb Uellsit, fal\u00eb golave t\u00eb Rodon p\u00ebr vendasit dhe t\u00eb De Bruyne e Meunier p\u00ebr miqt\u00eb. Lojtari q\u00eb u tregua m\u00eb i interesuar ndaj sh\u00ebtitjes s\u00eb shkurt\u00ebr t\u00eb miut n\u00eb fush\u00eb ishte Courtois, i cili tentoi ta kapte me dorashkat e tij.<\/p>\n\n<h4>Lexo m\u00eb tej:<a href=\"https:\/\/lapsi.al\/2025\/10\/13\/kosova-triumfon-ne-suedi-e-sheh-nga-boterori-isak-e-gyokeres-bien-para-asllanit\/\">Kosova triumfon n\u00eb Suedi e sheh nga Bot\u00ebrori: Isak e Gyokeres bien para Asllanit<\/a><\/h4>\n<p>Miu, n\u00eb fakt, kaloi pik\u00ebrisht zon\u00ebn ku q\u00ebndronte portieri i Real Madridit, i cili n\u00eb nj\u00eb far\u00eb m\u00ebnyre u p\u00ebrpoq ta kapte me dorashka, por pa sukses. Miu iku shpejt, duke u zhdukur me shpejt\u00ebsi. Arbitri shpresoi q\u00eb situata t\u00eb zgjidhej menj\u00ebher\u00eb p\u00ebr t\u00eb rifilluar ndeshjen \u2014 dhe k\u00ebshtu ndodhi, pasi miu vet\u00eb u drejtua drejt daljeve t\u00eb jashtme t\u00eb stadiumit, duke u futur n\u00ebn tribun\u00eb dhe duke i lejuar arbitrit t\u00eb rifillonte loj\u00ebn.<\/p>\n<p>Pas episodit t\u00eb miut, ndeshja rifilloi dhe Belgjika shp\u00ebrtheu. De Bruyne, me nj\u00eb penallti, e \u00e7on rezultatin n\u00eb 1-3, por n\u00eb fund ndodh gjith\u00e7ka. Uellsi e rihap ndeshjen me Broadhead, pas nj\u00eb gabimi t\u00eb mbrojtjes mike, por menj\u00ebher\u00eb m\u00eb pas Belgjika arrin t\u00eb sh\u00ebnoj\u00eb golin e kat\u00ebrt me Trossard, duke shmangur k\u00ebshtu nj\u00eb frik\u00eb p\u00ebr komb\u00ebtaren e Rudi Garcias. Nj\u00eb rezultat q\u00eb i lejon Belgjik\u00ebs t\u00eb mbaj\u00eb kryesimin n\u00eb grup me 14 pik\u00eb, nj\u00eb m\u00eb shum\u00eb se Maqedonia e vendit t\u00eb dyt\u00eb.<\/p>\n<div> <a href=\"https:\/\/www.instagram.com\/reel\/DPw4KoBkjhW\/?utm_source=ig_embed&amp;utm_campaign=loading\" target=\"_blank\"> \n<div>\n<div><\/div>\n<div>\n<div><\/div>\n<div><\/div>\n<\/div>\n<\/div>\n<div><\/div>\n<div><\/div>\n<div>\n<div>View this post on Instagram<\/div>\n<\/div>\n<div><\/div>\n<div>\n<div>\n<div><\/div>\n<div><\/div>\n<div><\/div>\n<\/div>\n<div>\n<div><\/div>\n<div><\/div>\n<\/div>\n<div>\n<div><\/div>\n<div><\/div>\n<div><\/div>\n<\/div>\n<\/div>\n<div>\n<div><\/div>\n<div><\/div>\n<\/div>\n<p><\/p><\/a>\n<p><a class=\"linkbrenda\" href=\"https:\/\/www.instagram.com\/reel\/DPw4KoBkjhW\/?utm_source=ig_embed&amp;utm_campaign=loading\" target=\"_blank\">A post shared by Goal (@goal)<\/a><\/p>\n<\/div>\n<p>The post <a href=\"https:\/\/lapsi.al\/2025\/10\/14\/miu-hyn-ne-fushe-ne-uells-belgjike-courtois-mundohet-ta-kape-arbitri-ndalon-sfiden\/\">Miu hyn n\u00eb fush\u00eb n\u00eb Uells-Belgjik\u00eb: Courtois mundohet ta kap\u00eb, arbitri ndalon sfid\u00ebn<\/a> appeared first on <a href=\"https:\/\/lapsi.al\/\">Lapsi.al<\/a>.<\/p>","protected":false},"excerpt":{"rendered":"<p>Fillimi i pjes\u00ebs s\u00eb dyt\u00eb midis Uellsit dhe Belgjik\u00ebs ishte disi m\u00eb pak shp\u00ebrthyes krahasuar me 25 minutat e para t\u00eb loj\u00ebs, q\u00eb kishin par\u00eb rezultatin 2-1 n\u00eb favor t\u00eb \u201cDjajve t\u00eb Kuq\u201d. Megjith\u00ebse nuk pati gola, nj\u00eb ngjarje tjet\u00ebr e vog\u00ebl gjall\u00ebroi ndeshjen. N\u00eb minut\u00ebn e 66-t\u00eb t\u00eb loj\u00ebs, ndeshja u nd\u00ebrpre p\u00ebr pak [&hellip;]<\/p>\n","protected":false},"author":0,"featured_media":46286,"comment_status":"open","ping_status":"open","sticky":false,"template":"","format":"standard","meta":{"footnotes":""},"categories":[1],"tags":[],"class_list":["post-46285","post","type-post","status-publish","format-standard","has-post-thumbnail","hentry","category-uncategorized"],"_links":{"self":[{"href":"https:\/\/zennihost.com\/test\/wp-json\/wp\/v2\/posts\/46285","targetHints":{"allow":["GET"]}}],"collection":[{"href":"https:\/\/zennihost.com\/test\/wp-json\/wp\/v2\/posts"}],"about":[{"href":"https:\/\/zennihost.com\/test\/wp-json\/wp\/v2\/types\/post"}],"replies":[{"embeddable":true,"href":"https:\/\/zennihost.com\/test\/wp-json\/wp\/v2\/comments?post=46285"}],"version-history":[{"count":0,"href":"https:\/\/zennihost.com\/test\/wp-json\/wp\/v2\/posts\/46285\/revisions"}],"wp:featuredmedia":[{"embeddable":true,"href":"https:\/\/zennihost.com\/test\/wp-json\/wp\/v2\/media\/46286"}],"wp:attachment":[{"href":"https:\/\/zennihost.com\/test\/wp-json\/wp\/v2\/media?parent=46285"}],"wp:term":[{"taxonomy":"category","embeddable":true,"href":"https:\/\/zennihost.com\/test\/wp-json\/wp\/v2\/categories?post=46285"},{"taxonomy":"post_tag","embeddable":true,"href":"https:\/\/zennihost.com\/test\/wp-json\/wp\/v2\/tags?post=46285"}],"curies":[{"name":"wp","href":"https:\/\/api.w.org\/{rel}","templated":true}]}}