{"id":46281,"date":"2025-10-14T08:48:20","date_gmt":"2025-10-14T08:48:20","guid":{"rendered":"https:\/\/zennihost.com\/test\/2025\/10\/14\/tabaku-denoncon-dhunen-ndaj-minatoreve-te-spacit-ata-nuk-kerkojne-lemoshe-por-dinjitet\/"},"modified":"2025-10-14T08:48:20","modified_gmt":"2025-10-14T08:48:20","slug":"tabaku-denoncon-dhunen-ndaj-minatoreve-te-spacit-ata-nuk-kerkojne-lemoshe-por-dinjitet","status":"publish","type":"post","link":"https:\/\/zennihost.com\/test\/2025\/10\/14\/tabaku-denoncon-dhunen-ndaj-minatoreve-te-spacit-ata-nuk-kerkojne-lemoshe-por-dinjitet\/","title":{"rendered":"Tabaku denoncon dhun\u00ebn ndaj minator\u00ebve t\u00eb Spa\u00e7it: Ata nuk k\u00ebrkojn\u00eb l\u00ebmosh\u00eb, por dinjitet!"},"content":{"rendered":"<p>Deputetja e Partis\u00eb Demokratike dhe kryetarja e Komisionit p\u00ebr Media dhe t\u00eb Drejtat e Njeriut, Jorida Tabaku, ka reaguar ndaj dhun\u00ebs s\u00eb ushtruar nga policia ndaj minator\u00ebve t\u00eb Spa\u00e7it, t\u00eb cil\u00ebt prej disa dit\u00ebsh protestojn\u00eb p\u00ebr kushte m\u00eb t\u00eb mira pune dhe trajtim t\u00eb dinjitetsh\u00ebm.<\/p>\n<p>N\u00eb nj\u00eb reagim n\u00eb rrjetet sociale, Tabaku shkruan se k\u00ebrkesat e minator\u00ebve jan\u00eb\u00a0\u201cminimale, legjitime dhe brenda \u00e7do standardi t\u00eb marr\u00ebdh\u00ebnies pun\u00ebdh\u00ebn\u00ebs\u2013pun\u00ebmarr\u00ebs\u201d, nd\u00ebrsa p\u00ebrgjigjja e qeveris\u00eb ka qen\u00eb \u201cdhuna policore ndaj qytetar\u00ebve q\u00eb k\u00ebrkojn\u00eb t\u00eb drejtat e tyre\u201d.<\/p>\n<p>Ajo kujton se n\u00eb em\u00ebr t\u00eb Partis\u00eb Demokratike ka depozituar vitin e kaluar n\u00eb Kuvend Ligjin p\u00ebr Statusin e Minatorit, q\u00eb njeh k\u00ebt\u00eb profesion si nj\u00eb nga m\u00eb t\u00eb v\u00ebshtir\u00ebt dhe m\u00eb t\u00eb rrezikshmit, duke garantuar pension dinjitoz dhe mbrojtje t\u00eb merituar.<\/p>\n<p>N\u00eb fund t\u00eb reagimit t\u00eb saj, Tabaku thekson se:\u00a0\u201cMinator\u00ebt nuk k\u00ebrkojn\u00eb l\u00ebmosh\u00eb, por dinjitet. Ata nuk jan\u00eb armiq t\u00eb shtetit, por shtylla e pun\u00ebs dhe ndershm\u00ebris\u00eb shqiptare.\u201d\n<\/p>\n<p>The post <a href=\"https:\/\/gijotina.com\/tabaku-denoncon-dhunen-ndaj-minatoreve-te-spacit-ata-nuk-kerkojne-lemoshe-por-dinjitet\/\">Tabaku denoncon dhun\u00ebn ndaj minator\u00ebve t\u00eb Spa\u00e7it: Ata nuk k\u00ebrkojn\u00eb l\u00ebmosh\u00eb, por dinjitet!<\/a> appeared first on <a href=\"https:\/\/gijotina.com\/\">GIJOTINA<\/a>.<\/p>","protected":false},"excerpt":{"rendered":"<p>Deputetja e Partis\u00eb Demokratike dhe kryetarja e Komisionit p\u00ebr Media dhe t\u00eb Drejtat e Njeriut, Jorida Tabaku, ka reaguar ndaj dhun\u00ebs s\u00eb ushtruar nga policia ndaj minator\u00ebve t\u00eb Spa\u00e7it, t\u00eb cil\u00ebt prej disa dit\u00ebsh protestojn\u00eb p\u00ebr kushte m\u00eb t\u00eb mira pune dhe trajtim t\u00eb dinjitetsh\u00ebm. N\u00eb nj\u00eb reagim n\u00eb rrjetet sociale, Tabaku shkruan se k\u00ebrkesat [&hellip;]<\/p>\n","protected":false},"author":0,"featured_media":0,"comment_status":"open","ping_status":"open","sticky":false,"template":"","format":"standard","meta":{"footnotes":""},"categories":[1],"tags":[],"class_list":["post-46281","post","type-post","status-publish","format-standard","hentry","category-uncategorized"],"_links":{"self":[{"href":"https:\/\/zennihost.com\/test\/wp-json\/wp\/v2\/posts\/46281","targetHints":{"allow":["GET"]}}],"collection":[{"href":"https:\/\/zennihost.com\/test\/wp-json\/wp\/v2\/posts"}],"about":[{"href":"https:\/\/zennihost.com\/test\/wp-json\/wp\/v2\/types\/post"}],"replies":[{"embeddable":true,"href":"https:\/\/zennihost.com\/test\/wp-json\/wp\/v2\/comments?post=46281"}],"version-history":[{"count":0,"href":"https:\/\/zennihost.com\/test\/wp-json\/wp\/v2\/posts\/46281\/revisions"}],"wp:attachment":[{"href":"https:\/\/zennihost.com\/test\/wp-json\/wp\/v2\/media?parent=46281"}],"wp:term":[{"taxonomy":"category","embeddable":true,"href":"https:\/\/zennihost.com\/test\/wp-json\/wp\/v2\/categories?post=46281"},{"taxonomy":"post_tag","embeddable":true,"href":"https:\/\/zennihost.com\/test\/wp-json\/wp\/v2\/tags?post=46281"}],"curies":[{"name":"wp","href":"https:\/\/api.w.org\/{rel}","templated":true}]}}