{"id":46279,"date":"2025-10-14T08:48:20","date_gmt":"2025-10-14T08:48:20","guid":{"rendered":"https:\/\/zennihost.com\/test\/2025\/10\/14\/greqia-paralizohet-serish-greve-e-re-kunder-ligjit-te-ri-te-punes\/"},"modified":"2025-10-14T08:48:20","modified_gmt":"2025-10-14T08:48:20","slug":"greqia-paralizohet-serish-greve-e-re-kunder-ligjit-te-ri-te-punes","status":"publish","type":"post","link":"https:\/\/zennihost.com\/test\/2025\/10\/14\/greqia-paralizohet-serish-greve-e-re-kunder-ligjit-te-ri-te-punes\/","title":{"rendered":"Greqia \u201cparalizohet\u201d s\u00ebrish, grev\u00eb e re kund\u00ebr ligjit t\u00eb ri t\u00eb pun\u00ebs"},"content":{"rendered":"<p>Greqia paralizohet sot p\u00ebrs\u00ebri nga nj\u00eb grev\u00eb e p\u00ebrgjithshme mbar\u00ebkomb\u00ebtare 24 or\u00ebshe , e dyta brenda dy jav\u00ebsh, n\u00eb shenj\u00eb proteste ndaj projektligjit t\u00eb ri t\u00eb pun\u00ebs, i cili parashikon, mes t\u00eb tjerash, mund\u00ebsin\u00eb e pun\u00ebs deri n\u00eb 13 or\u00eb n\u00eb dit\u00eb tek i nj\u00ebjti pun\u00ebdh\u00ebn\u00ebs.<\/p>\n<p>Kjo grev\u00eb, e cila zhvillohet pa thirrjen e Konfederat\u00ebs s\u00eb P\u00ebrgjithshme t\u00eb Pun\u00ebs (GSEE), \u00ebsht\u00eb shpallur nga 38 Qendra t\u00eb Pun\u00ebs, nj\u00eb num\u00ebr rekord pjes\u00ebmarrjeje, si dhe nga ADEDY, federata e punonj\u00ebsve t\u00eb sektorit publik, dhe dhjet\u00ebra sindikata t\u00eb sektorit privat.<\/p>\n<p>Protestuesit k\u00ebrkojn\u00eb q\u00eb projektligji t\u00eb mos miratohet n\u00eb parlament dhe k\u00ebrkojn\u00eb rikthimin e jav\u00ebs 35-or\u00ebshe, pun\u00ebs 5-ditore dhe pag\u00ebs s\u00eb 13-t\u00eb e t\u00eb 14-t\u00eb. Ata gjithashtu k\u00ebrkojn\u00eb paga dinjitoze dhe kushte t\u00eb sigurta pune, nd\u00ebrsa punonj\u00ebsit n\u00eb shtet k\u00ebrkojn\u00eb edhe heqjen e disiplin\u00ebs s\u00eb re ligjore p\u00ebr administrat\u00ebn publike.<\/p>\n<p>Sipas deklarat\u00ebs s\u00eb ADEDY, \u201cqeveria, n\u00eb vend q\u00eb t\u00eb mb\u00ebshtes\u00eb t\u00eb ardhurat e pun\u00ebtor\u00ebve dhe t\u00eb forcoj\u00eb sh\u00ebrbimet publike, zgjedh t\u00eb aprovoj\u00eb ligj p\u00ebr pun\u00ebn e tep\u00ebrt dhe oraret rraskapit\u00ebse, duke imponuar heshtje n\u00eb vendet e pun\u00ebs\u201d.<\/p>\n<p>Nd\u00ebrkoh\u00eb, PAME, sindikata q\u00eb mb\u00ebshtet Partin\u00eb Komuniste , e quan k\u00ebt\u00eb projektligj \u201cnj\u00eb p\u00ebrpjekje p\u00ebr t\u00eb krijuar skllev\u00ebr modern\u00eb n\u00eb epok\u00ebn e inteligjenc\u00ebs artificiale\u201d.<br \/>\nAjo k\u00ebrkon rritje reale t\u00eb pagave p\u00ebrmes marr\u00ebveshjeve kolektive, n\u00eb m\u00ebnyr\u00eb q\u00eb askush t\u00eb mos detyrohet t\u00eb punoj\u00eb 13 apo 14 or\u00eb n\u00eb dit\u00eb p\u00ebr t\u00eb mbijetuar.<\/p>\n<p>N\u00eb protesta jan\u00eb bashkuar edhe student\u00eb dhe nx\u00ebn\u00ebs, t\u00eb cil\u00ebt kund\u00ebrshtojn\u00eb, si\u00e7 thon\u00eb, \u201critmin \u00e7njer\u00ebzor t\u00eb pun\u00ebs s\u00eb prind\u00ebrve t\u00eb tyre dhe shtimin e presionit n\u00eb shkolla\u201d.<\/p>\n<p>Tubime dhe marshime proteste zhvillohen n\u00eb dhjet\u00ebra qytete t\u00eb Greqis\u00eb.<br \/>\nN\u00eb Athin\u00eb, sindikatat kan\u00eb thirrur qytetar\u00ebt n\u00eb Sheshin Syntagma n\u00eb or\u00ebn 11:00 paradite, nd\u00ebrsa PAME zhvillon grumbullimin e saj n\u00eb Propylaia q\u00eb prej or\u00ebs 10:30.<br \/>\nN\u00eb Selanik, protesta kryesore mbahet pran\u00eb p\u00ebrmendores s\u00eb Venizelos.<\/p>\n<p>Protestat pritet t\u00eb zgjasin gjat\u00eb gjith\u00eb dit\u00ebs, nd\u00ebrsa transporti publik, shkollat dhe sh\u00ebrbimet publike funksionojn\u00eb me pengesa t\u00eb shumta p\u00ebr shkak t\u00eb pjes\u00ebmarrjes s\u00eb gjer\u00eb n\u00eb grev\u00eb.<\/p>\n<p>The post <a href=\"https:\/\/gijotina.com\/greqia-paralizohet-serish-greve-e-re-kunder-ligjit-te-ri-te-punes\/\">Greqia \u201cparalizohet\u201d s\u00ebrish, grev\u00eb e re kund\u00ebr ligjit t\u00eb ri t\u00eb pun\u00ebs<\/a> appeared first on <a href=\"https:\/\/gijotina.com\/\">GIJOTINA<\/a>.<\/p>","protected":false},"excerpt":{"rendered":"<p>Greqia paralizohet sot p\u00ebrs\u00ebri nga nj\u00eb grev\u00eb e p\u00ebrgjithshme mbar\u00ebkomb\u00ebtare 24 or\u00ebshe , e dyta brenda dy jav\u00ebsh, n\u00eb shenj\u00eb proteste ndaj projektligjit t\u00eb ri t\u00eb pun\u00ebs, i cili parashikon, mes t\u00eb tjerash, mund\u00ebsin\u00eb e pun\u00ebs deri n\u00eb 13 or\u00eb n\u00eb dit\u00eb tek i nj\u00ebjti pun\u00ebdh\u00ebn\u00ebs. Kjo grev\u00eb, e cila zhvillohet pa thirrjen e Konfederat\u00ebs [&hellip;]<\/p>\n","protected":false},"author":0,"featured_media":0,"comment_status":"open","ping_status":"open","sticky":false,"template":"","format":"standard","meta":{"footnotes":""},"categories":[1],"tags":[],"class_list":["post-46279","post","type-post","status-publish","format-standard","hentry","category-uncategorized"],"_links":{"self":[{"href":"https:\/\/zennihost.com\/test\/wp-json\/wp\/v2\/posts\/46279","targetHints":{"allow":["GET"]}}],"collection":[{"href":"https:\/\/zennihost.com\/test\/wp-json\/wp\/v2\/posts"}],"about":[{"href":"https:\/\/zennihost.com\/test\/wp-json\/wp\/v2\/types\/post"}],"replies":[{"embeddable":true,"href":"https:\/\/zennihost.com\/test\/wp-json\/wp\/v2\/comments?post=46279"}],"version-history":[{"count":0,"href":"https:\/\/zennihost.com\/test\/wp-json\/wp\/v2\/posts\/46279\/revisions"}],"wp:attachment":[{"href":"https:\/\/zennihost.com\/test\/wp-json\/wp\/v2\/media?parent=46279"}],"wp:term":[{"taxonomy":"category","embeddable":true,"href":"https:\/\/zennihost.com\/test\/wp-json\/wp\/v2\/categories?post=46279"},{"taxonomy":"post_tag","embeddable":true,"href":"https:\/\/zennihost.com\/test\/wp-json\/wp\/v2\/tags?post=46279"}],"curies":[{"name":"wp","href":"https:\/\/api.w.org\/{rel}","templated":true}]}}