{"id":46278,"date":"2025-10-14T08:48:20","date_gmt":"2025-10-14T08:48:20","guid":{"rendered":"https:\/\/zennihost.com\/test\/2025\/10\/14\/pastrova-12-m-kanal-berisha-ironizon-andi-sallen-sukses-i-madh-imagjino-cdo-beje-ne-ministrine-e-bujqesise\/"},"modified":"2025-10-14T08:48:20","modified_gmt":"2025-10-14T08:48:20","slug":"pastrova-12-m-kanal-berisha-ironizon-andi-sallen-sukses-i-madh-imagjino-cdo-beje-ne-ministrine-e-bujqesise","status":"publish","type":"post","link":"https:\/\/zennihost.com\/test\/2025\/10\/14\/pastrova-12-m-kanal-berisha-ironizon-andi-sallen-sukses-i-madh-imagjino-cdo-beje-ne-ministrine-e-bujqesise\/","title":{"rendered":"\u2018Pastrova 12 m kanal\u2019\/ Berisha ironizon Andi Sall\u00ebn: Sukses i madh! Imagjino \u00e7\u2018do b\u00ebj\u00eb n\u00eb Ministrin\u00eb e Bujq\u00ebsis\u00eb"},"content":{"rendered":"<p>Kryetari i Partis\u00eb Demokratike, Sali Berisha ka ironizuar deklarat\u00ebn e ministrit t\u00eb Bujq\u00ebsis\u00eb, Andi Salla, i cili n\u00eb asamblen\u00eb e PS, ka theksuar se ka pastruar 12 metra linear kanal kullues gjat\u00eb koh\u00ebs q\u00eb ka q\u00ebn\u00eb kryebashkiak i Cerrikut.<\/p>\n<p><em>\u2018Suksesi i madh. Ministri i Bujq\u00ebsis\u00eb deklaronte n\u00eb asamblen\u00eb e PS se n\u00eb 4 vite ka pastruar 12m linear kanal. Imagjino n\u00eb ministrin\u00eb e Bujq\u00ebsis\u00eb\u2019,<\/em>\u00a0shkruan Berisha n\u00eb Facebook.<\/p>\n<p><strong>Deklarata e Andi Salla n\u00eb asamblen\u00eb e PS:<\/strong><\/p>\n<p>\u201c<em>Pastrimi dhe gjelb\u00ebrimi i Bashkis\u00eb Cerrik, pastrimi i kanaleve kulluese, n\u00eb kuad\u00ebr t\u00eb nism\u00ebs \u2018nj\u00eb muaj, nj\u00eb komunitet\u2019, jan\u00eb pastruar 12 m linear kanal kullues, kryesisht n\u00eb zona ku veprimtaria e bujq\u00ebsis\u00eb \u00ebsht\u00eb m\u00eb e zhvilluar. Kanale t\u00eb pastruara deri tani i sh\u00ebrben nj\u00eb komuniteti prej 15 mij\u00eb banor\u00ebsh dhe sipas t\u00eb dh\u00ebnave nuk jan\u00eb pastruar prej 20 vitesh.\u201d<\/em>\n<\/p>\n<p>The post <a href=\"https:\/\/gijotina.com\/pastrova-12-m-kanal-berisha-ironizon-andi-sallen-sukses-i-madh-imagjino-cdo-beje-ne-ministrine-e-bujqesise\/\">\u2018Pastrova 12 m kanal\u2019\/ Berisha ironizon Andi Sall\u00ebn: Sukses i madh! Imagjino \u00e7\u2018do b\u00ebj\u00eb n\u00eb Ministrin\u00eb e Bujq\u00ebsis\u00eb<\/a> appeared first on <a href=\"https:\/\/gijotina.com\/\">GIJOTINA<\/a>.<\/p>","protected":false},"excerpt":{"rendered":"<p>Kryetari i Partis\u00eb Demokratike, Sali Berisha ka ironizuar deklarat\u00ebn e ministrit t\u00eb Bujq\u00ebsis\u00eb, Andi Salla, i cili n\u00eb asamblen\u00eb e PS, ka theksuar se ka pastruar 12 metra linear kanal kullues gjat\u00eb koh\u00ebs q\u00eb ka q\u00ebn\u00eb kryebashkiak i Cerrikut. \u2018Suksesi i madh. Ministri i Bujq\u00ebsis\u00eb deklaronte n\u00eb asamblen\u00eb e PS se n\u00eb 4 vite ka [&hellip;]<\/p>\n","protected":false},"author":0,"featured_media":0,"comment_status":"open","ping_status":"open","sticky":false,"template":"","format":"standard","meta":{"footnotes":""},"categories":[1],"tags":[],"class_list":["post-46278","post","type-post","status-publish","format-standard","hentry","category-uncategorized"],"_links":{"self":[{"href":"https:\/\/zennihost.com\/test\/wp-json\/wp\/v2\/posts\/46278","targetHints":{"allow":["GET"]}}],"collection":[{"href":"https:\/\/zennihost.com\/test\/wp-json\/wp\/v2\/posts"}],"about":[{"href":"https:\/\/zennihost.com\/test\/wp-json\/wp\/v2\/types\/post"}],"replies":[{"embeddable":true,"href":"https:\/\/zennihost.com\/test\/wp-json\/wp\/v2\/comments?post=46278"}],"version-history":[{"count":0,"href":"https:\/\/zennihost.com\/test\/wp-json\/wp\/v2\/posts\/46278\/revisions"}],"wp:attachment":[{"href":"https:\/\/zennihost.com\/test\/wp-json\/wp\/v2\/media?parent=46278"}],"wp:term":[{"taxonomy":"category","embeddable":true,"href":"https:\/\/zennihost.com\/test\/wp-json\/wp\/v2\/categories?post=46278"},{"taxonomy":"post_tag","embeddable":true,"href":"https:\/\/zennihost.com\/test\/wp-json\/wp\/v2\/tags?post=46278"}],"curies":[{"name":"wp","href":"https:\/\/api.w.org\/{rel}","templated":true}]}}