{"id":46276,"date":"2025-10-14T07:48:17","date_gmt":"2025-10-14T07:48:17","guid":{"rendered":"https:\/\/zennihost.com\/test\/2025\/10\/14\/arrestohet-aldo-avdylaj-nipi-i-astrit-avdylaj-i-shpallur-ne-kerkim-nga-spak\/"},"modified":"2025-10-14T07:48:17","modified_gmt":"2025-10-14T07:48:17","slug":"arrestohet-aldo-avdylaj-nipi-i-astrit-avdylaj-i-shpallur-ne-kerkim-nga-spak","status":"publish","type":"post","link":"https:\/\/zennihost.com\/test\/2025\/10\/14\/arrestohet-aldo-avdylaj-nipi-i-astrit-avdylaj-i-shpallur-ne-kerkim-nga-spak\/","title":{"rendered":"Arrestohet Aldo Avdylaj, nipi i Astrit Avdylaj i shpallur n\u00eb k\u00ebrkim nga SPAK"},"content":{"rendered":"<p>Forcat operacionale kan\u00eb arrestuar m\u00ebngjesin e k\u00ebsaj t\u00eb marte, Aldo Avdylajn i shpalluar n\u00eb k\u00ebrkim p\u00ebr vrasjen e Edmir Bregut<\/p>\n<p>Vrasja e Edmir Bregut \u00ebsht\u00eb planifikuar prej muajsh nga\u00a0Aldo Avdylaj\u00a0alias Elidon Avdylaj n\u00eb bashk\u00ebpunim me Arben M\u00ebrkurin, Ermir Dedjan dhe nj\u00eb disa persona t\u00eb tjer\u00eb, t\u00eb cil\u00ebt kan\u00eb role specifike, konkretisht si \u00e7uni i Bariut, i cili \u00ebsht\u00eb v\u00ebzhgues i l\u00ebvizjeve t\u00eb sh\u00ebnjestr\u00ebs.<\/p>\n<p>N\u00eb nj\u00eb bised\u00eb t\u00eb marr\u00eb nga dosja e SPAK zbulohen planet p\u00ebr tu takuar Aldo Avdylaj dhe \u00e7unin e Bariut n\u00ebp\u00ebrmjet Arben M\u00ebrkurit. Gjithashtu Aldo Avdylaj k\u00ebrkon q\u00eb vrasja t\u00eb kryhet sa m\u00eb par\u00eb, por M\u00ebrkuri e k\u00ebshillon t\u00eb pres\u00eb sa t\u00eb qet\u00ebsohet situata sepse ka shum\u00eb civil\u00eb v\u00ebrdall\u00eb.<\/p>\n<p>The post <a href=\"https:\/\/lexo.al\/2025\/10\/arrestohet-aldo-avdylaj-nipi-i-astrit-avdylaj-i-shpallur-ne-kerkim-nga-spak\/\">Arrestohet Aldo Avdylaj, nipi i Astrit Avdylaj i shpallur n\u00eb k\u00ebrkim nga SPAK<\/a> appeared first on <a href=\"https:\/\/lexo.al\/\">www.lexo.al<\/a>.<\/p>","protected":false},"excerpt":{"rendered":"<p>Forcat operacionale kan\u00eb arrestuar m\u00ebngjesin e k\u00ebsaj t\u00eb marte, Aldo Avdylajn i shpalluar n\u00eb k\u00ebrkim p\u00ebr vrasjen e Edmir Bregut Vrasja e Edmir Bregut \u00ebsht\u00eb planifikuar prej muajsh nga\u00a0Aldo Avdylaj\u00a0alias Elidon Avdylaj n\u00eb bashk\u00ebpunim me Arben M\u00ebrkurin, Ermir Dedjan dhe nj\u00eb disa persona t\u00eb tjer\u00eb, t\u00eb cil\u00ebt kan\u00eb role specifike, konkretisht si \u00e7uni i Bariut, [&hellip;]<\/p>\n","protected":false},"author":0,"featured_media":0,"comment_status":"open","ping_status":"open","sticky":false,"template":"","format":"standard","meta":{"footnotes":""},"categories":[1],"tags":[],"class_list":["post-46276","post","type-post","status-publish","format-standard","hentry","category-uncategorized"],"_links":{"self":[{"href":"https:\/\/zennihost.com\/test\/wp-json\/wp\/v2\/posts\/46276","targetHints":{"allow":["GET"]}}],"collection":[{"href":"https:\/\/zennihost.com\/test\/wp-json\/wp\/v2\/posts"}],"about":[{"href":"https:\/\/zennihost.com\/test\/wp-json\/wp\/v2\/types\/post"}],"replies":[{"embeddable":true,"href":"https:\/\/zennihost.com\/test\/wp-json\/wp\/v2\/comments?post=46276"}],"version-history":[{"count":0,"href":"https:\/\/zennihost.com\/test\/wp-json\/wp\/v2\/posts\/46276\/revisions"}],"wp:attachment":[{"href":"https:\/\/zennihost.com\/test\/wp-json\/wp\/v2\/media?parent=46276"}],"wp:term":[{"taxonomy":"category","embeddable":true,"href":"https:\/\/zennihost.com\/test\/wp-json\/wp\/v2\/categories?post=46276"},{"taxonomy":"post_tag","embeddable":true,"href":"https:\/\/zennihost.com\/test\/wp-json\/wp\/v2\/tags?post=46276"}],"curies":[{"name":"wp","href":"https:\/\/api.w.org\/{rel}","templated":true}]}}