{"id":46275,"date":"2025-10-14T07:48:17","date_gmt":"2025-10-14T07:48:17","guid":{"rendered":"https:\/\/zennihost.com\/test\/2025\/10\/14\/e-fundit-siguria-ne-gjykata-ilir-proda-takim-ne-gjkko\/"},"modified":"2025-10-14T07:48:17","modified_gmt":"2025-10-14T07:48:17","slug":"e-fundit-siguria-ne-gjykata-ilir-proda-takim-ne-gjkko","status":"publish","type":"post","link":"https:\/\/zennihost.com\/test\/2025\/10\/14\/e-fundit-siguria-ne-gjykata-ilir-proda-takim-ne-gjkko\/","title":{"rendered":"E FUNDIT\/ Siguria n\u00eb gjykata, ILIR PRODA takim n\u00eb GJKKO"},"content":{"rendered":"<p>Drejtori i P\u00ebrgjithsh\u00ebm i Policis\u00eb, Ilir Proda \u00ebsht\u00eb paraqitur m\u00ebngjesin e k\u00ebsaj t\u00eb marte n\u00eb GJKKO.<\/p>\n<p>Vizita vjen n\u00eb kuad\u00ebr t\u00eb masave t\u00eb siguris\u00eb t\u00eb k\u00ebrkuara p\u00ebr gjykatat pas vrasjes s\u00eb gjyqtarit Astrit Kalaja. Pak dit\u00eb m\u00eb par\u00eb n\u00eb ambientet e Gjykat\u00ebs s\u00eb Posa\u00e7me ishte edhe kreu i Gard\u00ebs Simon Zereci.<\/p>\n<p>The post <a href=\"https:\/\/lexo.al\/2025\/10\/e-fundit-siguria-ne-gjykata-ilir-proda-takim-ne-gjkko\/\">E FUNDIT\/ Siguria n\u00eb gjykata, ILIR PRODA takim n\u00eb GJKKO<\/a> appeared first on <a href=\"https:\/\/lexo.al\/\">www.lexo.al<\/a>.<\/p>","protected":false},"excerpt":{"rendered":"<p>Drejtori i P\u00ebrgjithsh\u00ebm i Policis\u00eb, Ilir Proda \u00ebsht\u00eb paraqitur m\u00ebngjesin e k\u00ebsaj t\u00eb marte n\u00eb GJKKO. Vizita vjen n\u00eb kuad\u00ebr t\u00eb masave t\u00eb siguris\u00eb t\u00eb k\u00ebrkuara p\u00ebr gjykatat pas vrasjes s\u00eb gjyqtarit Astrit Kalaja. Pak dit\u00eb m\u00eb par\u00eb n\u00eb ambientet e Gjykat\u00ebs s\u00eb Posa\u00e7me ishte edhe kreu i Gard\u00ebs Simon Zereci. The post E FUNDIT\/ [&hellip;]<\/p>\n","protected":false},"author":0,"featured_media":0,"comment_status":"open","ping_status":"open","sticky":false,"template":"","format":"standard","meta":{"footnotes":""},"categories":[1],"tags":[],"class_list":["post-46275","post","type-post","status-publish","format-standard","hentry","category-uncategorized"],"_links":{"self":[{"href":"https:\/\/zennihost.com\/test\/wp-json\/wp\/v2\/posts\/46275","targetHints":{"allow":["GET"]}}],"collection":[{"href":"https:\/\/zennihost.com\/test\/wp-json\/wp\/v2\/posts"}],"about":[{"href":"https:\/\/zennihost.com\/test\/wp-json\/wp\/v2\/types\/post"}],"replies":[{"embeddable":true,"href":"https:\/\/zennihost.com\/test\/wp-json\/wp\/v2\/comments?post=46275"}],"version-history":[{"count":0,"href":"https:\/\/zennihost.com\/test\/wp-json\/wp\/v2\/posts\/46275\/revisions"}],"wp:attachment":[{"href":"https:\/\/zennihost.com\/test\/wp-json\/wp\/v2\/media?parent=46275"}],"wp:term":[{"taxonomy":"category","embeddable":true,"href":"https:\/\/zennihost.com\/test\/wp-json\/wp\/v2\/categories?post=46275"},{"taxonomy":"post_tag","embeddable":true,"href":"https:\/\/zennihost.com\/test\/wp-json\/wp\/v2\/tags?post=46275"}],"curies":[{"name":"wp","href":"https:\/\/api.w.org\/{rel}","templated":true}]}}