{"id":46273,"date":"2025-10-14T07:48:16","date_gmt":"2025-10-14T07:48:16","guid":{"rendered":"https:\/\/zennihost.com\/test\/2025\/10\/14\/erdogan-komplimenton-melonin-por-nuk-kursen-kritikat-duhet-ta-lesh-duhanin-kryeministrja-italiane-nese-e-bej-mund-te-vras-dike\/"},"modified":"2025-10-14T07:48:16","modified_gmt":"2025-10-14T07:48:16","slug":"erdogan-komplimenton-melonin-por-nuk-kursen-kritikat-duhet-ta-lesh-duhanin-kryeministrja-italiane-nese-e-bej-mund-te-vras-dike","status":"publish","type":"post","link":"https:\/\/zennihost.com\/test\/2025\/10\/14\/erdogan-komplimenton-melonin-por-nuk-kursen-kritikat-duhet-ta-lesh-duhanin-kryeministrja-italiane-nese-e-bej-mund-te-vras-dike\/","title":{"rendered":"Erdogan komplimenton Melonin, por nuk kursen kritikat: Duhet ta l\u00ebsh duhanin! Kryeministrja italiane: N\u00ebse e b\u00ebj, mund t\u00eb vras dik\u00eb"},"content":{"rendered":"<p>Kryeministrja italiane Giorgia Meloni b\u00ebri nj\u00eb deklarat\u00eb me humor n\u00eb margjinat e nj\u00eb samiti p\u00ebr paqen n\u00eb Gaza, duke th\u00ebn\u00eb se n\u00ebse do t\u00eb linte duhanin, \u201cmund t\u00eb vriste dik\u00eb\u201d.<\/p>\n<p>Komenti u b\u00eb gjat\u00eb nj\u00eb bisede informale me presidentin turk Recep Tayyip Erdogan, i cili u zotua se do t\u00eb p\u00ebrpiqej ta ndihmonte Melonin ta linte duhanin.<\/p>\n<p>Erdogan, i njohur p\u00ebr fushatat e tij kund\u00ebr duhanit, i tha Melonit: \u201cDukesh shum\u00eb mir\u00eb. Por duhet t\u00eb t\u00eb b\u00ebj t\u00eb l\u00ebsh duhanin\u201d.<\/p>\n<p>Presidenti francez Emmanuel Macron, q\u00eb ndodhej pran\u00eb tyre, nd\u00ebrhyri me nj\u00eb buz\u00ebqeshje duke th\u00ebn\u00eb: \u201c\u00cbsht\u00eb e pamundur!\u201d, duke n\u00ebnvizuar v\u00ebshtir\u00ebsin\u00eb e k\u00ebtij synimi.<\/p>\n<p>Meloni iu p\u00ebrgjigj me shaka: \u201cE di, e di\u2026 nuk dua t\u00eb vras dik\u00eb\u201d, duke l\u00ebn\u00eb t\u00eb kuptohet se heqja dor\u00eb nga duhani mund t\u00eb ndikoj\u00eb n\u00eb humorin e saj.<\/p>\n<p>M\u00eb her\u00ebt, n\u00eb nj\u00eb lib\u00ebr t\u00eb bazuar n\u00eb intervista, Meloni kishte rr\u00ebfyer se e kishte l\u00ebn\u00eb duhanin p\u00ebr 13 vjet, por kishte rifilluar s\u00ebrish.<\/p>\n<p>The post <a href=\"https:\/\/lexo.al\/2025\/10\/erdogan-komplimenton-melonin-por-nuk-kursen-kritikat-duhet-ta-lesh-duhanin-kryeministrja-italiane-nese-e-bej-mund-te-vras-dike\/\">Erdogan komplimenton Melonin, por nuk kursen kritikat: Duhet ta l\u00ebsh duhanin! Kryeministrja italiane: N\u00ebse e b\u00ebj, mund t\u00eb vras dik\u00eb<\/a> appeared first on <a href=\"https:\/\/lexo.al\/\">www.lexo.al<\/a>.<\/p>","protected":false},"excerpt":{"rendered":"<p>Kryeministrja italiane Giorgia Meloni b\u00ebri nj\u00eb deklarat\u00eb me humor n\u00eb margjinat e nj\u00eb samiti p\u00ebr paqen n\u00eb Gaza, duke th\u00ebn\u00eb se n\u00ebse do t\u00eb linte duhanin, \u201cmund t\u00eb vriste dik\u00eb\u201d. Komenti u b\u00eb gjat\u00eb nj\u00eb bisede informale me presidentin turk Recep Tayyip Erdogan, i cili u zotua se do t\u00eb p\u00ebrpiqej ta ndihmonte Melonin ta [&hellip;]<\/p>\n","protected":false},"author":0,"featured_media":0,"comment_status":"open","ping_status":"open","sticky":false,"template":"","format":"standard","meta":{"footnotes":""},"categories":[1],"tags":[],"class_list":["post-46273","post","type-post","status-publish","format-standard","hentry","category-uncategorized"],"_links":{"self":[{"href":"https:\/\/zennihost.com\/test\/wp-json\/wp\/v2\/posts\/46273","targetHints":{"allow":["GET"]}}],"collection":[{"href":"https:\/\/zennihost.com\/test\/wp-json\/wp\/v2\/posts"}],"about":[{"href":"https:\/\/zennihost.com\/test\/wp-json\/wp\/v2\/types\/post"}],"replies":[{"embeddable":true,"href":"https:\/\/zennihost.com\/test\/wp-json\/wp\/v2\/comments?post=46273"}],"version-history":[{"count":0,"href":"https:\/\/zennihost.com\/test\/wp-json\/wp\/v2\/posts\/46273\/revisions"}],"wp:attachment":[{"href":"https:\/\/zennihost.com\/test\/wp-json\/wp\/v2\/media?parent=46273"}],"wp:term":[{"taxonomy":"category","embeddable":true,"href":"https:\/\/zennihost.com\/test\/wp-json\/wp\/v2\/categories?post=46273"},{"taxonomy":"post_tag","embeddable":true,"href":"https:\/\/zennihost.com\/test\/wp-json\/wp\/v2\/tags?post=46273"}],"curies":[{"name":"wp","href":"https:\/\/api.w.org\/{rel}","templated":true}]}}