{"id":46272,"date":"2025-10-14T07:48:16","date_gmt":"2025-10-14T07:48:16","guid":{"rendered":"https:\/\/zennihost.com\/test\/2025\/10\/14\/namir-lapardhaja-e-verteta-e-ligjit-7501-dhe-ku-gaboi-pd-me-pronen\/"},"modified":"2025-10-14T07:48:16","modified_gmt":"2025-10-14T07:48:16","slug":"namir-lapardhaja-e-verteta-e-ligjit-7501-dhe-ku-gaboi-pd-me-pronen","status":"publish","type":"post","link":"https:\/\/zennihost.com\/test\/2025\/10\/14\/namir-lapardhaja-e-verteta-e-ligjit-7501-dhe-ku-gaboi-pd-me-pronen\/","title":{"rendered":"Namir Lapardhaja: E v\u00ebrteta e ligjit 7501 dhe ku gaboi PD me pron\u00ebn"},"content":{"rendered":"<p>Ka nj\u00eb keqkuptim n\u00eb diskutimin publik lidhur me ligjin 7501. \u00cbsht\u00eb p\u00ebrmendur shpeshher\u00eb si nj\u00eb krim ndaj ish-pronar\u00ebve, edhe pse e v\u00ebrteta nuk \u00ebsht\u00eb tamam k\u00ebshtu. Si\u00e7 po del edhe n\u00eb dit\u00ebt e fundit, \u2018demonizimi\u2019 i k\u00ebtij ligji \u00ebsht\u00eb b\u00ebr\u00eb pik\u00ebrisht p\u00ebr t\u00eb mos mbajtur p\u00ebrgjegj\u00ebsi dhe p\u00ebr ta hedhur fajin te t\u00eb tjer\u00ebt.<\/p>\n<p>E v\u00ebrteta \u00ebsht\u00eb se masakra e v\u00ebrtet\u00eb q\u00eb ka ndodhur ndaj konceptit t\u00eb pron\u00ebs dhe ndaj pronar\u00ebve t\u00eb ligjsh\u00ebm n\u00eb Shqip\u00ebri, nuk \u00ebsht\u00eb ky ligj, por jan\u00eb dy ligje t\u00eb tjer\u00eb, q\u00eb do t\u00eb miratonte Paria Demokratike pas ardhjes s\u00eb saj n\u00eb pushtet. <\/p>\n<p>N\u00ebse do ta analizonim nen p\u00ebr nen ligjin nr. 7501, dat\u00eb 19 korrik 1991 \u201cP\u00ebr tok\u00ebn\u201d, shohim se ai u miratua n\u00eb nj\u00eb periudh\u00eb tranzitore, kur ende nuk ishte shkat\u00ebrruar plot\u00ebsisht kooperativa dhe ku koncepti i kolektivizimit ishte ende shum\u00eb i fort\u00eb n\u00eb shoq\u00ebrin\u00eb ton\u00eb.<\/p>\n<p>Sipas asaj q\u00eb citohet n\u00eb t\u00eb, ky nuk \u00ebsht\u00eb nj\u00eb ligj q\u00eb \u201cjep pron\u00eb\u201d n\u00eb konceptin q\u00eb kemi sot, por ai t\u00eb jepte t\u00eb drejt\u00ebn \u2018mbi tok\u00eb bujq\u00ebsore\u2019 p\u00ebr p\u00ebrdorim ose p\u00ebr \u201cmarrje n\u00eb p\u00ebrdorim\u201d dhe p\u00ebrcaktonte kufizime t\u00eb qarta deri n\u00eb 3 vite, pa t\u00eb drejt\u00eb shitblerje dhe humbje t\u00eb saj, n\u00ebse brenda nj\u00eb viti nuk e v\u00eb n\u00eb p\u00ebrdorim tok\u00ebn bujq\u00ebsore.<\/p>\n<p>Deri k\u00ebtu, duke par\u00eb kontekstin se nga vinte Shqip\u00ebria, paaft\u00ebsin\u00eb dhe pamund\u00ebsin\u00eb p\u00ebr t\u00eb qen\u00eb m\u00eb t\u00eb qart\u00eb n\u00eb at\u00eb koh\u00eb, duket se gjith\u00e7ka \u00ebsht\u00eb brenda nj\u00eb normaliteti p\u00ebr t\u00eb tejkaluar \u2018kriz\u00ebn\u2019 dhe \u2018prblemin\u2019 q\u00eb do t\u00eb lindte nga shp\u00ebrb\u00ebrja e kooperativave bujq\u00ebsore.<\/p>\n<p>Problemi \u00ebsht\u00eb i asaj q\u00eb erdhi m\u00eb von\u00eb, q\u00eb p\u00ebrb\u00ebn masakr\u00ebn e v\u00ebrtet\u00eb mbi pron\u00ebn dhe tok\u00ebn, ngritur mbi ndryshimet ligjore t\u00eb ligjit 7501 dhe b\u00ebr\u00eb p\u00ebrpara referendumit t\u00eb vitit 1994, \u00ebsht\u00eb pik\u00ebrisht  Ligji nr. 7715 \u201cP\u00ebr disa ndryshime dhe shtesa n\u00eb ligjin nr. 7501, dat\u00eb 19.7.1991 \u2018P\u00ebr tok\u00ebn\u2019, i miratuar n\u00eb 2 qershor 1993, i cili, n\u00eb thelb, b\u00ebri masakr\u00ebn e v\u00ebrtet\u00eb, duke njohur si pronar\u00eb t\u00eb tok\u00ebs t\u00eb gjith\u00eb ata q\u00eb e kishin p\u00ebrfituar nga ndarja e vitit 1991. Pra, PD b\u00ebri at\u00eb q\u00eb as PPSH nuk b\u00ebri, sepse kjo e dyta ua dha n\u00eb p\u00ebrdorim, nd\u00ebrsa e para i njohu si pronar. P\u00ebrve\u00e7 k\u00ebtij, \u00ebsht\u00eb edhe ligji nr. 8053, dat\u00eb 21.12.1995 \u2018Per kalimin n\u00eb pron\u00ebsi pa shp\u00ebrblim\u2019, i cili, po ashtu, vijoi masakr\u00ebn lidhur me tok\u00ebn, duke u shprehur q\u00eb n\u00eb nenin 1 t\u00eb tij, q\u00ebllimin e tij: \u201cKy ligj ka p\u00ebr q\u00ebllim rregullimin ligjor t\u00eb kalimit n\u00eb pron\u00ebsi pa shp\u00ebrblim t\u00eb tok\u00ebs bujq\u00ebsore familjeve ose individ\u00ebve q\u00eb e kan\u00eb at\u00eb n\u00eb p\u00ebrdorim.\u201d<\/p>\n<p>Jan\u00eb pikr\u00ebisht k\u00ebto dy ligje t\u00eb miratuara nga Partia Demokratike ato q\u00eb i hap\u00ebn rrug\u00eb abuzimeve, keqp\u00ebrodrimeve, regjistrimeve fiktive dhe sigurisht nd\u00ebrhyrjeve politike t\u00eb m\u00eb t\u00eb fortit dhe jo atij q\u00eb kishte t\u00eb drejt\u00eb.<\/p>\n<p>Ndryshimet e ndodhura n\u00eb at\u00eb koh\u00eb p\u00ebrb\u00ebjn\u00eb thelbin e masakr\u00ebs s\u00eb v\u00ebrtet\u00eb mbi pron\u00eb, ku n\u00eb Nenin 2 t\u00eb amendamentit u p\u00ebraktua se shteti \u201cu jep tok\u00eb personave fizik\u00eb a juridik\u00eb\u201d duke krijuar prerogativ\u00ebn, tashm\u00eb, p\u00ebr t\u2019ua dh\u00ebn\u00eb si pron\u00eb, jo vet\u00ebm n\u00eb p\u00ebrdorim, si\u00e7 e kishte parashikuar ligjit 7501. K\u00ebt\u00eb ndryshime t\u00eb ndodhura pik\u00ebrisht n\u00eb koh\u00ebn e PD-s\u00eb, legalizuan tapit\u00eb e marra n\u00eb p\u00ebrodrimim sipas ligjit 7501, duke i b\u00ebr\u00eb ata, tashm\u00eb, pronar\u00eb \u2018t\u00eb v\u00ebrtet\u00eb\u2019 t\u00eb pron\u00ebs s\u00eb marr\u00eb dikur vet\u00ebm n\u00eb p\u00ebrdorim.<\/p>\n<p>Ndryshimi \u00ebsht\u00eb thelb\u00ebsor dhe rr\u00ebnj\u00ebsor midis dy ligjeve. I pari, i miratuar ende n\u00eb komuniz\u00ebm, n\u00eb shpejt\u00ebsi dhe shihej si nj\u00eb m\u00ebnyr\u00eb p\u00ebr t\u00eb dal\u00eb nga kolektivizmi n\u00eb p\u00ebrdorim t\u00eb pron\u00ebs nga individi dhe i dyti n\u00eb demokraci, ku partia q\u00eb konsiderohej e djatht\u00eb dhe q\u00eb do duhet t\u00eb kishte nj\u00eb lloj ndjeshm\u00ebrie p\u00ebr pron\u00ebn, p\u00ebr t\u00eb drejt\u00ebn dhe, tashm\u00eb, nj\u00eb lloj eksperience, edhe pse t\u00eb shkurt\u00ebr, n\u00eb nd\u00ebrtimin e nj\u00eb shteti q\u00eb po shkonte drejt nj\u00eb ideje moderne dhe evropiane p\u00ebr pron\u00ebsin\u00eb.<\/p>\n<p>Konflikti p\u00ebr pron\u00ebn ka rezultuar fatal n\u00eb nj\u00eb Shqip\u00ebri t\u00eb ngarkuar me problematika ekonomike, sociale dhe politike.<\/p>\n<p>K\u00ebto konflikte kan\u00eb lindur pikr\u00ebisht p\u00ebr shkak t\u00eb maskrave ligjore q\u00eb ka b\u00ebr\u00eb politike lidhur me ligjet dhe aktet n\u00ebnligjore n\u00eb dobi t\u00eb klientelizmit dhe t\u00eb paligjshm\u00ebris\u00eb dhe n\u00eb d\u00ebm t\u00eb pron\u00ebs dhe t\u00eb pronar\u00ebve t\u00eb v\u00ebrtet\u00eb.<\/p>\n<p>Ndaj sot ata q\u00eb e kan\u00eb b\u00ebr\u00eb k\u00ebt\u00eb masak\u00ebr b\u00ebjn\u00eb mir\u00eb t\u00eb heshtin dhe t\u00eb mos i hedhin fajet te t\u00eb tjer\u00ebt, sepse, p\u00ebrve\u00e7 k\u00ebtyre, edhe vet\u00eb ligji i legalizimeve, n\u00eb thelb, \u00ebsht\u00eb n\u00eb vazhd\u00ebn e k\u00ebsj masakr\u00ebs ligjore t\u00eb fillimeve t\u00eb demokracis\u00eb q\u00eb ka t\u00eb b\u00ebj\u00eb me pron\u00ebn dhe pronar\u00ebt.<\/p>\n<p>Partia Demokratike, Sali Berisha dhe kushdo q\u00eb ka marr\u00eb pjes\u00eb n\u00eb k\u00ebt\u00eb masakr\u00eb jan\u00eb fajtor t\u00eb dyfisht\u00eb. E para jan\u00eb fajtor, sepse kan\u00eb b\u00ebr\u00eb ligje kriminale, e dyta jan\u00eb fajtor sepse kan\u00eb pretenduar se p\u00ebrfaq\u00ebsojn\u00eb dhe mbrojn\u00eb t\u00eb djatht\u00ebn dhe pronar\u00ebt e ligjsh\u00ebm, nd\u00ebrkoh\u00eb q\u00eb gjith\u00e7ka q\u00eb kan\u00eb b\u00ebr\u00eb dhe kan\u00eb miratuar, ka qen\u00eb thell\u00ebsisht kund\u00ebr konceptit t\u00eb pron\u00ebs dhe ligje kund\u00ebr pronar\u00ebve t\u00eb k\u00ebtij vendi.<\/p>\n<p>The post <a href=\"https:\/\/lexo.al\/2025\/10\/namir-lapardhaja-e-verteta-e-ligjit-7501-dhe-ku-gaboi-pd-me-pronen\/\">Namir Lapardhaja: E v\u00ebrteta e ligjit 7501 dhe ku gaboi PD me pron\u00ebn<\/a> appeared first on <a href=\"https:\/\/lexo.al\/\">www.lexo.al<\/a>.<\/p>","protected":false},"excerpt":{"rendered":"<p>Ka nj\u00eb keqkuptim n\u00eb diskutimin publik lidhur me ligjin 7501. \u00cbsht\u00eb p\u00ebrmendur shpeshher\u00eb si nj\u00eb krim ndaj ish-pronar\u00ebve, edhe pse e v\u00ebrteta nuk \u00ebsht\u00eb tamam k\u00ebshtu. Si\u00e7 po del edhe n\u00eb dit\u00ebt e fundit, \u2018demonizimi\u2019 i k\u00ebtij ligji \u00ebsht\u00eb b\u00ebr\u00eb pik\u00ebrisht p\u00ebr t\u00eb mos mbajtur p\u00ebrgjegj\u00ebsi dhe p\u00ebr ta hedhur fajin te t\u00eb tjer\u00ebt. E [&hellip;]<\/p>\n","protected":false},"author":0,"featured_media":0,"comment_status":"open","ping_status":"open","sticky":false,"template":"","format":"standard","meta":{"footnotes":""},"categories":[1],"tags":[],"class_list":["post-46272","post","type-post","status-publish","format-standard","hentry","category-uncategorized"],"_links":{"self":[{"href":"https:\/\/zennihost.com\/test\/wp-json\/wp\/v2\/posts\/46272","targetHints":{"allow":["GET"]}}],"collection":[{"href":"https:\/\/zennihost.com\/test\/wp-json\/wp\/v2\/posts"}],"about":[{"href":"https:\/\/zennihost.com\/test\/wp-json\/wp\/v2\/types\/post"}],"replies":[{"embeddable":true,"href":"https:\/\/zennihost.com\/test\/wp-json\/wp\/v2\/comments?post=46272"}],"version-history":[{"count":0,"href":"https:\/\/zennihost.com\/test\/wp-json\/wp\/v2\/posts\/46272\/revisions"}],"wp:attachment":[{"href":"https:\/\/zennihost.com\/test\/wp-json\/wp\/v2\/media?parent=46272"}],"wp:term":[{"taxonomy":"category","embeddable":true,"href":"https:\/\/zennihost.com\/test\/wp-json\/wp\/v2\/categories?post=46272"},{"taxonomy":"post_tag","embeddable":true,"href":"https:\/\/zennihost.com\/test\/wp-json\/wp\/v2\/tags?post=46272"}],"curies":[{"name":"wp","href":"https:\/\/api.w.org\/{rel}","templated":true}]}}