{"id":46271,"date":"2025-10-14T07:48:12","date_gmt":"2025-10-14T07:48:12","guid":{"rendered":"https:\/\/zennihost.com\/test\/2025\/10\/14\/i-perfshire-ne-atentatin-ndaj-arjan-ndojes-ekstradohet-nga-dubai-dritan-shkembi-pamjet\/"},"modified":"2025-10-14T07:48:12","modified_gmt":"2025-10-14T07:48:12","slug":"i-perfshire-ne-atentatin-ndaj-arjan-ndojes-ekstradohet-nga-dubai-dritan-shkembi-pamjet","status":"publish","type":"post","link":"https:\/\/zennihost.com\/test\/2025\/10\/14\/i-perfshire-ne-atentatin-ndaj-arjan-ndojes-ekstradohet-nga-dubai-dritan-shkembi-pamjet\/","title":{"rendered":"I p\u00ebrfshir\u00eb n\u00eb atentatin ndaj Arjan Ndoj\u00ebs, ekstradohet nga Dubai Dritan Shk\u00ebmbi (Pamjet)"},"content":{"rendered":"<p>Amar Shk\u00ebmbi alias Dritan Shk\u00ebmbi, i cili akuzohet se \u00ebsht\u00eb i p\u00ebrfshir\u00eb n\u00eb atentatin ndaj ish-prokurorit Arjan Ndoja ku mbeti i vrar\u00eb shoferi Andi Maloku, \u00ebsht\u00eb ekstraduar nga Dubai.<\/p>\n<p>Amar Shk\u00ebmbi alias Dritan Shk\u00ebmbi \u00ebsht\u00eb arrestuar n\u00eb Dubai n\u00eb 23 shkurt t\u00eb vitit 2023.<\/p>\n<p>Ndaj Shk\u00ebmbit, GJKKO n\u00eb vitin 2022 ka caktuar mas\u00ebn e siguris\u00eb \u201cArrest n\u00eb burg\u201d, p\u00ebr disa vepra penale.<\/p>\n<p>Dritan Shk\u00ebmbin akuzohet p\u00ebr p\u00ebrfshirjen e tij n\u00eb atentatin e organizuar ndaj ish prokurorit t\u00eb Durr\u00ebsit, Arjan Ndoja n\u00eb vitin 2019. 41-vje\u00e7ari dyshohet se bashk\u00eb me dy persona t\u00eb tjer\u00eb ka qen\u00eb n\u00eb makin\u00ebn q\u00eb ka hapur zjarr ndaj automjetit ku ndodhej ish prokurori Arjan Ndoja q\u00eb po qarkullonte n\u00eb mbikalimin e Shkozetit n\u00eb rrug\u00ebn \u2018Tiran\u00eb-Durr\u00ebs\u2019.<\/p>\n<p>Dritan Shk\u00ebmbi njihet si an\u00ebtar i band\u00ebs s\u00eb Plaurent Dervishajt, i shpallur n\u00eb k\u00ebrkim pas rr\u00ebfimit t\u00eb Luftar Re\u00e7it, i cili ka treguar dinamik\u00ebn e vrasjes s\u00eb Klodian Saliut, vrasje n\u00eb t\u00eb cil\u00ebn bashk\u00ebpun\u00ebtori i drejt\u00ebsis\u00eb, ka treguar se ka marr\u00eb vet\u00eb pjes\u00eb, s\u00eb bashku me\u00a0Plaurent Dervishaj.<\/p>\n<div class=\"xdj266r x14z9mp xat24cr x1lziwak x1vvkbs x126k92a\">\n<div><strong>Njoftimi i policise<\/strong><\/div>\n<\/div>\n<div class=\"x14z9mp xat24cr x1lziwak x1vvkbs xtlvy1s x126k92a\">\n<div>Ekstradohet nga Dubai, nj\u00eb shtetas i akuzuar nga GjKKO-ja, p\u00ebr krime t\u00eb r\u00ebnda kund\u00ebr disa personave.<\/div>\n<\/div>\n<div class=\"x14z9mp xat24cr x1lziwak x1vvkbs xtlvy1s x126k92a\">\n<div>Si rezultat i bashk\u00ebpunimit konsistent t\u00eb specialist\u00ebve t\u00eb Drejtoris\u00eb s\u00eb Interpolit, me homolog\u00ebt n\u00eb Abu Dhabi, u finalizua procedura e ekstradimit n\u00eb Shqip\u00ebri, nga Emiratet e Bashkuara Arabe, t\u00eb shtetasit shqiptar A. Sh. alias D. Sh..<\/div>\n<\/div>\n<div class=\"x14z9mp xat24cr x1lziwak x1vvkbs xtlvy1s x126k92a\">\n<div>Ai ishte shpallur n\u00eb k\u00ebrkim nd\u00ebrkomb\u00ebtar, pasi n\u00eb vitin 2022, Gjykata e Posa\u00e7me e Shkall\u00ebs s\u00eb Par\u00eb p\u00ebr Korrupsionin dhe Krimin e Organizuar i ka caktuar mas\u00ebn e siguris\u00eb \u201cArrest n\u00eb burg\u201d, p\u00ebr veprat penale:<\/div>\n<\/div>\n<div class=\"x14z9mp xat24cr x1lziwak x1vvkbs xtlvy1s x126k92a\">\n<div>-\u201cVrasja e funksionar\u00ebve publik\u00eb\u201d, mbetur n\u00eb tentativ\u00eb, n\u00eb d\u00ebm t\u00eb shtetasit A. N.;<\/div>\n<\/div>\n<div class=\"x14z9mp xat24cr x1lziwak x1vvkbs xtlvy1s x126k92a\">\n<div>-\u201cVrasja n\u00eb rrethana t\u00eb tjera cil\u00ebsuese\u201d, me pasoj\u00eb vdekjen e shtetasit A. M., si dhe mbetur n\u00eb tentativ\u00eb n\u00eb d\u00ebm t\u00eb shtetasit A. L. (P. M.);<\/div>\n<\/div>\n<div class=\"x14z9mp xat24cr x1lziwak x1vvkbs xtlvy1s x126k92a\">\n<div>-\u201cMbajtja pa leje dhe prodhimi i arm\u00ebve, arm\u00ebve shp\u00ebrthyese dhe i municionit\u201d;<\/div>\n<\/div>\n<div class=\"x14z9mp xat24cr x1lziwak x1vvkbs xtlvy1s x126k92a\">\n<div>-\u201cSigurimi i kushteve dhe i mjeteve materiale p\u00ebr t\u00eb kryer vrasje\u201d, e dyshuar e kryer n\u00eb bashk\u00ebpunim me shtetasit P. D., E. S., B. P., J. M. dhe R. R., n\u00eb d\u00ebm t\u00eb shtetasve A. N. dhe A. L. (P. M.), vepra penale k\u00ebto t\u00eb kryera n\u00eb kuad\u00ebr t\u00eb grupit t\u00eb strukturuar kriminal;<\/div>\n<\/div>\n<div class=\"x14z9mp xat24cr x1lziwak x1vvkbs xtlvy1s x126k92a\">\n<div>-\u201cVjedhja\u201d, kryer n\u00eb bashk\u00ebpunim dhe m\u00eb shum\u00eb se nj\u00eb her\u00eb.<\/div>\n<\/div>\n<div class=\"x14z9mp xat24cr x1lziwak x1vvkbs xtlvy1s x126k92a\">\n<div>Nga hetimet e kryera dyshohet se shtetasi A. Sh. alias D. Sh. \u00ebsht\u00eb i implikuar n\u00eb ngjarjen e ndodhur m\u00eb dat\u00eb 01.11.2019, n\u00eb af\u00ebrsi t\u00eb mbikalimit t\u00eb Shkozetit, ku disa shtetas q\u00eb l\u00ebviznin me automjet, kan\u00eb q\u00eblluar me arm\u00eb zjarri, n\u00eb drejtim t\u00eb automjetit me t\u00eb cilin l\u00ebviznin shtetasit A. M., A. N. dhe A. L.. Si pasoj\u00eb humbi jet\u00ebn shtetasi A. M., si dhe u plagos\u00ebn shtetasit A. N. dhe A. L..<\/div>\n\n<\/div>\n<p>The post <a href=\"https:\/\/gijotina.com\/i-perfshire-ne-atentatin-ndaj-arjan-ndojes-ekstradohet-nga-dubai-dritan-shkembi-pamjet\/\">I p\u00ebrfshir\u00eb n\u00eb atentatin ndaj Arjan Ndoj\u00ebs, ekstradohet nga Dubai Dritan Shk\u00ebmbi (Pamjet)<\/a> appeared first on <a href=\"https:\/\/gijotina.com\/\">GIJOTINA<\/a>.<\/p>","protected":false},"excerpt":{"rendered":"<p>Amar Shk\u00ebmbi alias Dritan Shk\u00ebmbi, i cili akuzohet se \u00ebsht\u00eb i p\u00ebrfshir\u00eb n\u00eb atentatin ndaj ish-prokurorit Arjan Ndoja ku mbeti i vrar\u00eb shoferi Andi Maloku, \u00ebsht\u00eb ekstraduar nga Dubai. Amar Shk\u00ebmbi alias Dritan Shk\u00ebmbi \u00ebsht\u00eb arrestuar n\u00eb Dubai n\u00eb 23 shkurt t\u00eb vitit 2023. Ndaj Shk\u00ebmbit, GJKKO n\u00eb vitin 2022 ka caktuar mas\u00ebn e siguris\u00eb [&hellip;]<\/p>\n","protected":false},"author":0,"featured_media":0,"comment_status":"open","ping_status":"open","sticky":false,"template":"","format":"standard","meta":{"footnotes":""},"categories":[1],"tags":[],"class_list":["post-46271","post","type-post","status-publish","format-standard","hentry","category-uncategorized"],"_links":{"self":[{"href":"https:\/\/zennihost.com\/test\/wp-json\/wp\/v2\/posts\/46271","targetHints":{"allow":["GET"]}}],"collection":[{"href":"https:\/\/zennihost.com\/test\/wp-json\/wp\/v2\/posts"}],"about":[{"href":"https:\/\/zennihost.com\/test\/wp-json\/wp\/v2\/types\/post"}],"replies":[{"embeddable":true,"href":"https:\/\/zennihost.com\/test\/wp-json\/wp\/v2\/comments?post=46271"}],"version-history":[{"count":0,"href":"https:\/\/zennihost.com\/test\/wp-json\/wp\/v2\/posts\/46271\/revisions"}],"wp:attachment":[{"href":"https:\/\/zennihost.com\/test\/wp-json\/wp\/v2\/media?parent=46271"}],"wp:term":[{"taxonomy":"category","embeddable":true,"href":"https:\/\/zennihost.com\/test\/wp-json\/wp\/v2\/categories?post=46271"},{"taxonomy":"post_tag","embeddable":true,"href":"https:\/\/zennihost.com\/test\/wp-json\/wp\/v2\/tags?post=46271"}],"curies":[{"name":"wp","href":"https:\/\/api.w.org\/{rel}","templated":true}]}}