{"id":46270,"date":"2025-10-14T07:48:12","date_gmt":"2025-10-14T07:48:12","guid":{"rendered":"https:\/\/zennihost.com\/test\/2025\/10\/14\/i-shpallur-ne-kerkim-per-vrasjen-e-edmir-bregut-arrestohet-aldo-avdylaj\/"},"modified":"2025-10-14T07:48:12","modified_gmt":"2025-10-14T07:48:12","slug":"i-shpallur-ne-kerkim-per-vrasjen-e-edmir-bregut-arrestohet-aldo-avdylaj","status":"publish","type":"post","link":"https:\/\/zennihost.com\/test\/2025\/10\/14\/i-shpallur-ne-kerkim-per-vrasjen-e-edmir-bregut-arrestohet-aldo-avdylaj\/","title":{"rendered":"I shpallur n\u00eb k\u00ebrkim p\u00ebr vrasjen e Edmir Bregut, arrestohet Aldo Avdylaj"},"content":{"rendered":"<p>Forcat operacionale kan\u00eb arrestuar m\u00ebngjesin e k\u00ebsaj t\u00eb marte, Aldo Avdylajn i shpalluar n\u00eb k\u00ebrkim p\u00ebr vrasjen e Edmir Bregut.<\/p>\n<p>Raportohet se Aldo Avdyli \u00ebsht\u00eb arrestuar n\u00eb nj\u00eb apartament pran\u00eb Kopshtit Zoologjik n\u00eb kryeqytet.<\/p>\n<p>Vrasja e Edmir Bregut \u00ebsht\u00eb planifikuar prej muajsh nga Aldo Avdylaj alias Elidon Avdylaj n\u00eb bashk\u00ebpunim me Arben M\u00ebrkurin, Ermir Dedjan dhe nj\u00eb disa persona t\u00eb tjer\u00eb, t\u00eb cil\u00ebt kan\u00eb role specifike, konkretisht si \u00e7uni i Bariut, i cili \u00ebsht\u00eb v\u00ebzhgues i l\u00ebvizjeve t\u00eb sh\u00ebnjestr\u00ebs.<\/p>\n<p>N\u00eb nj\u00eb bised\u00eb t\u00eb marr\u00eb nga dosja e SPAK zbulohen planet p\u00ebr tu takuar Aldo Avdylaj dhe \u00e7unin e Bariut n\u00ebp\u00ebrmjet Arben M\u00ebrkurit. Gjithashtu Aldo Avdylaj k\u00ebrkon q\u00eb vrasja t\u00eb kryhet sa m\u00eb par\u00eb, por M\u00ebrkuri e k\u00ebshillon t\u00eb pres\u00eb sa t\u00eb qet\u00ebsohet situata, sepse ka shum\u00eb civil\u00eb v\u00ebrdall\u00eb.<\/p>\n<p>The post <a href=\"https:\/\/gijotina.com\/i-shpallur-ne-kerkim-per-vrasjen-e-edmir-bregut-arrestohet-aldo-avdylaj\/\">I shpallur n\u00eb k\u00ebrkim p\u00ebr vrasjen e Edmir Bregut, arrestohet Aldo Avdylaj<\/a> appeared first on <a href=\"https:\/\/gijotina.com\/\">GIJOTINA<\/a>.<\/p>","protected":false},"excerpt":{"rendered":"<p>Forcat operacionale kan\u00eb arrestuar m\u00ebngjesin e k\u00ebsaj t\u00eb marte, Aldo Avdylajn i shpalluar n\u00eb k\u00ebrkim p\u00ebr vrasjen e Edmir Bregut. Raportohet se Aldo Avdyli \u00ebsht\u00eb arrestuar n\u00eb nj\u00eb apartament pran\u00eb Kopshtit Zoologjik n\u00eb kryeqytet. Vrasja e Edmir Bregut \u00ebsht\u00eb planifikuar prej muajsh nga Aldo Avdylaj alias Elidon Avdylaj n\u00eb bashk\u00ebpunim me Arben M\u00ebrkurin, Ermir Dedjan [&hellip;]<\/p>\n","protected":false},"author":0,"featured_media":0,"comment_status":"open","ping_status":"open","sticky":false,"template":"","format":"standard","meta":{"footnotes":""},"categories":[1],"tags":[],"class_list":["post-46270","post","type-post","status-publish","format-standard","hentry","category-uncategorized"],"_links":{"self":[{"href":"https:\/\/zennihost.com\/test\/wp-json\/wp\/v2\/posts\/46270","targetHints":{"allow":["GET"]}}],"collection":[{"href":"https:\/\/zennihost.com\/test\/wp-json\/wp\/v2\/posts"}],"about":[{"href":"https:\/\/zennihost.com\/test\/wp-json\/wp\/v2\/types\/post"}],"replies":[{"embeddable":true,"href":"https:\/\/zennihost.com\/test\/wp-json\/wp\/v2\/comments?post=46270"}],"version-history":[{"count":0,"href":"https:\/\/zennihost.com\/test\/wp-json\/wp\/v2\/posts\/46270\/revisions"}],"wp:attachment":[{"href":"https:\/\/zennihost.com\/test\/wp-json\/wp\/v2\/media?parent=46270"}],"wp:term":[{"taxonomy":"category","embeddable":true,"href":"https:\/\/zennihost.com\/test\/wp-json\/wp\/v2\/categories?post=46270"},{"taxonomy":"post_tag","embeddable":true,"href":"https:\/\/zennihost.com\/test\/wp-json\/wp\/v2\/tags?post=46270"}],"curies":[{"name":"wp","href":"https:\/\/api.w.org\/{rel}","templated":true}]}}