{"id":46269,"date":"2025-10-14T07:48:12","date_gmt":"2025-10-14T07:48:12","guid":{"rendered":"https:\/\/zennihost.com\/test\/2025\/10\/14\/po-leviznin-me-shpejtesi-perplasen-dy-makinae-ne-autostraden-elbasan-tirane-dy-te-lenduar\/"},"modified":"2025-10-14T07:48:12","modified_gmt":"2025-10-14T07:48:12","slug":"po-leviznin-me-shpejtesi-perplasen-dy-makinae-ne-autostraden-elbasan-tirane-dy-te-lenduar","status":"publish","type":"post","link":"https:\/\/zennihost.com\/test\/2025\/10\/14\/po-leviznin-me-shpejtesi-perplasen-dy-makinae-ne-autostraden-elbasan-tirane-dy-te-lenduar\/","title":{"rendered":"Po l\u00ebviznin me shpejt\u00ebsi\/ P\u00ebrplasen dy makina\u00eb n\u00eb autostrad\u00ebn Elbasan-Tiran\u00eb, dy t\u00eb l\u00ebnduar"},"content":{"rendered":"<p>Nj\u00eb aksident i r\u00ebnd\u00eb ka ndodhur n\u00eb hyrje t\u00eb autostrad\u00ebs Elbasan-Tiran\u00eb m\u00ebngjesin e sot\u00ebm rreth or\u00ebs 08:00.<\/p>\n<p>Sipas raportimeve p\u00ebr mediat, dy makina q\u00eb dyshohet se po qarkullonin me shpejt\u00ebsi t\u00eb lart\u00eb, jan\u00eb p\u00ebrplasur mes tyre, duke shkaktuar d\u00ebmtime t\u00eb konsiderueshme n\u00eb t\u00eb dyja mjetet.<\/p>\n<p>Si pasoj\u00eb e p\u00ebrplasjes kan\u00eb mbetur t\u00eb d\u00ebmtuar dy persona, t\u00eb cil\u00ebt jan\u00eb transportuar p\u00ebr ndihm\u00eb mjek\u00ebsore. Gjendja e tyre sh\u00ebndet\u00ebsore nuk dihet ende.<\/p>\n<p>P\u00ebr shkak t\u00eb aksidentit, qarkullimi n\u00eb k\u00ebt\u00eb segment rrugor \u00ebsht\u00eb v\u00ebshtir\u00ebsuar p\u00ebrkoh\u00ebsisht, nd\u00ebrsa policia ndodhet n\u00eb vendngjarje p\u00ebr t\u00eb hetuar shkaqet e sakta t\u00eb ngjarjes dhe p\u00ebr t\u00eb normalizuar l\u00ebvizjen.<\/p>\n<p>\u00a0<\/p>\n<p>The post <a href=\"https:\/\/gijotina.com\/po-leviznin-me-shpejtesi-perplasen-dy-makinae-ne-autostraden-elbasan-tirane-dy-te-lenduar\/\">Po l\u00ebviznin me shpejt\u00ebsi\/ P\u00ebrplasen dy makina\u00eb n\u00eb autostrad\u00ebn Elbasan-Tiran\u00eb, dy t\u00eb l\u00ebnduar<\/a> appeared first on <a href=\"https:\/\/gijotina.com\/\">GIJOTINA<\/a>.<\/p>","protected":false},"excerpt":{"rendered":"<p>Nj\u00eb aksident i r\u00ebnd\u00eb ka ndodhur n\u00eb hyrje t\u00eb autostrad\u00ebs Elbasan-Tiran\u00eb m\u00ebngjesin e sot\u00ebm rreth or\u00ebs 08:00. Sipas raportimeve p\u00ebr mediat, dy makina q\u00eb dyshohet se po qarkullonin me shpejt\u00ebsi t\u00eb lart\u00eb, jan\u00eb p\u00ebrplasur mes tyre, duke shkaktuar d\u00ebmtime t\u00eb konsiderueshme n\u00eb t\u00eb dyja mjetet. Si pasoj\u00eb e p\u00ebrplasjes kan\u00eb mbetur t\u00eb d\u00ebmtuar dy persona, [&hellip;]<\/p>\n","protected":false},"author":0,"featured_media":0,"comment_status":"open","ping_status":"open","sticky":false,"template":"","format":"standard","meta":{"footnotes":""},"categories":[1],"tags":[],"class_list":["post-46269","post","type-post","status-publish","format-standard","hentry","category-uncategorized"],"_links":{"self":[{"href":"https:\/\/zennihost.com\/test\/wp-json\/wp\/v2\/posts\/46269","targetHints":{"allow":["GET"]}}],"collection":[{"href":"https:\/\/zennihost.com\/test\/wp-json\/wp\/v2\/posts"}],"about":[{"href":"https:\/\/zennihost.com\/test\/wp-json\/wp\/v2\/types\/post"}],"replies":[{"embeddable":true,"href":"https:\/\/zennihost.com\/test\/wp-json\/wp\/v2\/comments?post=46269"}],"version-history":[{"count":0,"href":"https:\/\/zennihost.com\/test\/wp-json\/wp\/v2\/posts\/46269\/revisions"}],"wp:attachment":[{"href":"https:\/\/zennihost.com\/test\/wp-json\/wp\/v2\/media?parent=46269"}],"wp:term":[{"taxonomy":"category","embeddable":true,"href":"https:\/\/zennihost.com\/test\/wp-json\/wp\/v2\/categories?post=46269"},{"taxonomy":"post_tag","embeddable":true,"href":"https:\/\/zennihost.com\/test\/wp-json\/wp\/v2\/tags?post=46269"}],"curies":[{"name":"wp","href":"https:\/\/api.w.org\/{rel}","templated":true}]}}