{"id":46267,"date":"2025-10-14T06:21:31","date_gmt":"2025-10-14T06:21:31","guid":{"rendered":"https:\/\/zennihost.com\/test\/2025\/10\/14\/meloni-jemi-me-prane-njohjes-se-shtetit-te-palestines\/"},"modified":"2025-10-14T06:21:31","modified_gmt":"2025-10-14T06:21:31","slug":"meloni-jemi-me-prane-njohjes-se-shtetit-te-palestines","status":"publish","type":"post","link":"https:\/\/zennihost.com\/test\/2025\/10\/14\/meloni-jemi-me-prane-njohjes-se-shtetit-te-palestines\/","title":{"rendered":"Meloni: Jemi m\u00eb pran\u00eb njohjes s\u00eb shtetit t\u00eb Palestin\u00ebs"},"content":{"rendered":"<p>Kryeministrja italiane Giorgia Meloni deklaroi se njohja e mundshme e Shtetit t\u00eb Palestin\u00ebs nga Italia \u00ebsht\u00eb nj\u00eb hap m\u00eb pran\u00eb n\u00ebse plani aktual p\u00ebr zgjidhjen e konfliktit zbatohet me sukses.<\/p>\n<p>\u201cE kam t\u00eb qart\u00eb se, n\u00ebse plani zbatohet, njohja e Palestin\u00ebs nga Italia me siguri do t\u00eb jet\u00eb m\u00eb af\u00ebr\u201d, u shpreh Meloni gjat\u00eb samitit p\u00ebr Gaz\u00ebn, i mbajtur n\u00eb Egjipt.<\/p>\n<div class=\"trc_related_container tbl-trecs-container trc_spotlight_widget trc_elastic trc_elastic_sc-ma-balkanweb\">\n<div>\n<div class=\"_cm-div\">\n<p>Ajo theksoi se q\u00ebllimi i saj \u00ebsht\u00eb krijimi i nj\u00eb Shteti t\u00eb Palestin\u00ebs, por njohja do t\u00eb ndodh\u00eb vet\u00ebm pasi t\u00eb jen\u00eb p\u00ebrmbushur kushtet e p\u00ebrcaktuara m\u00eb par\u00eb nga Parlamenti italian.<\/p>\n<p>\u201cSynoj t\u00eb kem nj\u00eb Shtet t\u00eb Palestin\u00ebs dhe, p\u00ebr rrjedhoj\u00eb, njohjen e Shtetit t\u00eb Palestin\u00ebs \u2013 kur t\u00eb p\u00ebrmbushen kushtet q\u00eb jan\u00eb vendosur edhe nga Parlamenti, sigurisht\u201d, tha ajo.<\/p>\n<\/div>\n<\/div>\n<div class=\"trc_rbox_container\">\n<div>\n<div class=\"trc_rbox sc-ma-balkanweb trc-content-sponsored\">\n<div class=\"trc_rbox_outer\">\n<div class=\"trc_rbox_div trc_rbox_border_elm\">\n<div>\n<div class=\"videoCube trc_spotlight_item origin-default textItem thumbnail_top videoCube_1_child syndicatedItem trc-first-recommendation trc-spotlight-first-recommendation trc_excludable\">\n<div class=\"thumbBlock_holder\"><\/div>\n<\/div>\n<\/div>\n<\/div>\n<\/div>\n<\/div>\n<\/div>\n<\/div>\n<\/div>\n<p>The post <a href=\"https:\/\/lapsi.al\/2025\/10\/14\/meloni-jemi-me-prane-njohjes-se-shtetit-te-palestines\/\">Meloni: Jemi m\u00eb pran\u00eb njohjes s\u00eb shtetit t\u00eb Palestin\u00ebs<\/a> appeared first on <a href=\"https:\/\/lapsi.al\/\">Lapsi.al<\/a>.<\/p>","protected":false},"excerpt":{"rendered":"<p>Kryeministrja italiane Giorgia Meloni deklaroi se njohja e mundshme e Shtetit t\u00eb Palestin\u00ebs nga Italia \u00ebsht\u00eb nj\u00eb hap m\u00eb pran\u00eb n\u00ebse plani aktual p\u00ebr zgjidhjen e konfliktit zbatohet me sukses. \u201cE kam t\u00eb qart\u00eb se, n\u00ebse plani zbatohet, njohja e Palestin\u00ebs nga Italia me siguri do t\u00eb jet\u00eb m\u00eb af\u00ebr\u201d, u shpreh Meloni gjat\u00eb samitit [&hellip;]<\/p>\n","protected":false},"author":0,"featured_media":0,"comment_status":"open","ping_status":"open","sticky":false,"template":"","format":"standard","meta":{"footnotes":""},"categories":[1],"tags":[],"class_list":["post-46267","post","type-post","status-publish","format-standard","hentry","category-uncategorized"],"_links":{"self":[{"href":"https:\/\/zennihost.com\/test\/wp-json\/wp\/v2\/posts\/46267","targetHints":{"allow":["GET"]}}],"collection":[{"href":"https:\/\/zennihost.com\/test\/wp-json\/wp\/v2\/posts"}],"about":[{"href":"https:\/\/zennihost.com\/test\/wp-json\/wp\/v2\/types\/post"}],"replies":[{"embeddable":true,"href":"https:\/\/zennihost.com\/test\/wp-json\/wp\/v2\/comments?post=46267"}],"version-history":[{"count":0,"href":"https:\/\/zennihost.com\/test\/wp-json\/wp\/v2\/posts\/46267\/revisions"}],"wp:attachment":[{"href":"https:\/\/zennihost.com\/test\/wp-json\/wp\/v2\/media?parent=46267"}],"wp:term":[{"taxonomy":"category","embeddable":true,"href":"https:\/\/zennihost.com\/test\/wp-json\/wp\/v2\/categories?post=46267"},{"taxonomy":"post_tag","embeddable":true,"href":"https:\/\/zennihost.com\/test\/wp-json\/wp\/v2\/tags?post=46267"}],"curies":[{"name":"wp","href":"https:\/\/api.w.org\/{rel}","templated":true}]}}